{"id":21224,"date":"2024-07-24T18:27:24","date_gmt":"2024-07-24T18:27:24","guid":{"rendered":"https:\/\/www.rivera.gub.uy\/medioambiente\/?p=21224"},"modified":"2024-07-29T15:06:58","modified_gmt":"2024-07-29T15:06:58","slug":"curso-peon-practico-para-aserradero-en-la-ciudad-de-tranqueras","status":"publish","type":"post","link":"https:\/\/www.rivera.gub.uy\/medioambiente\/curso-peon-practico-para-aserradero-en-la-ciudad-de-tranqueras\/","title":{"rendered":"Curso \u00abPe\u00f3n Pr\u00e1ctico para Aserradero\u00bb en la ciudad de Tranqueras"},"content":{"rendered":"<p>Comienzan las inscripciones al curso de Pe\u00f3n Pr\u00e1ctico para Aserradero, en la ciudad de Tranqueras.<\/p>\n<p>La Intendencia Departamental de Rivera (IDR) en convenio con el Instituto Nacional de Empleo(INEFOP) y ADEMA, en el marco del Programa Respuestas Innovadoras a desaf\u00edos estrat\u00e9gicos (RIDE) se encuentra ejecutando el Proyecto: Mejora de la competitividad de los aserraderos y carpinter\u00edas MIPYMES del departamento de Rivera a trav\u00e9s del fortalecimiento y gesti\u00f3n de sus RRHH.<!--more--><\/p>\n<p>El objetivo del mismo es: Fortalecer empresarios y empleados de aserraderos y carpinter\u00edas MIPYMES de Rivera, aportando a la mejora de la competitividad de las MIPYMES del sector y brindando oportunidades de empleabilidad a futuros empleados.<\/p>\n<p>En esta instancia llama a interesados en participar en el Curso Pe\u00f3n Pr\u00e1ctico para Aserradero en la ciudad de Tranqueras, a desarrollarse desde el mes de agosto y hasta el mes de octubre.<\/p>\n<p>Dicho curso est\u00e1 enfocado a la capacitaci\u00f3n de personas en trabajos dentro de aserraderos y empresas del sector, que radiquen en la ciudad de Tranqueras y alrededores.<\/p>\n<p>Los interesados deber\u00e1n inscribirse a trav\u00e9s del <a href=\"https:\/\/docs.google.com\/forms\/d\/e\/1FAIpQLSdjRBqb-NJwV95Qv_OHjLKYgrbBDDMKgLZrD8g4rfWFhLqkdg\/viewform?vc=0&amp;c=0&amp;w=1&amp;flr=0\" target=\"_blank\" rel=\"noopener\">formulario en l\u00ednea (aqu\u00ed)<\/a>.<\/p>\n","protected":false},"excerpt":{"rendered":"<p>Comienzan las inscripciones al curso de Pe\u00f3n Pr\u00e1ctico para Aserradero, en la ciudad de Tranqueras. La Intendencia Departamental de Rivera (IDR) en convenio con el Instituto Nacional de Empleo(INEFOP) y ADEMA, en el marco del Programa Respuestas Innovadoras a desaf\u00edos estrat\u00e9gicos (RIDE) se encuentra ejecutando el Proyecto: Mejora de la competitividad de los aserraderos y [&hellip;]<\/p>\n","protected":false},"author":1,"featured_media":21225,"comment_status":"open","ping_status":"open","sticky":false,"template":"","format":"standard","meta":{"footnotes":""},"categories":[1],"tags":[],"_links":{"self":[{"href":"https:\/\/www.rivera.gub.uy\/medioambiente\/wp-json\/wp\/v2\/posts\/21224"}],"collection":[{"href":"https:\/\/www.rivera.gub.uy\/medioambiente\/wp-json\/wp\/v2\/posts"}],"about":[{"href":"https:\/\/www.rivera.gub.uy\/medioambiente\/wp-json\/wp\/v2\/types\/post"}],"author":[{"embeddable":true,"href":"https:\/\/www.rivera.gub.uy\/medioambiente\/wp-json\/wp\/v2\/users\/1"}],"replies":[{"embeddable":true,"href":"https:\/\/www.rivera.gub.uy\/medioambiente\/wp-json\/wp\/v2\/comments?post=21224"}],"version-history":[{"count":4,"href":"https:\/\/www.rivera.gub.uy\/medioambiente\/wp-json\/wp\/v2\/posts\/21224\/revisions"}],"predecessor-version":[{"id":21253,"href":"https:\/\/www.rivera.gub.uy\/medioambiente\/wp-json\/wp\/v2\/posts\/21224\/revisions\/21253"}],"wp:featuredmedia":[{"embeddable":true,"href":"https:\/\/www.rivera.gub.uy\/medioambiente\/wp-json\/wp\/v2\/media\/21225"}],"wp:attachment":[{"href":"https:\/\/www.rivera.gub.uy\/medioambiente\/wp-json\/wp\/v2\/media?parent=21224"}],"wp:term":[{"taxonomy":"category","embeddable":true,"href":"https:\/\/www.rivera.gub.uy\/medioambiente\/wp-json\/wp\/v2\/categories?post=21224"},{"taxonomy":"post_tag","embeddable":true,"href":"https:\/\/www.rivera.gub.uy\/medioambiente\/wp-json\/wp\/v2\/tags?post=21224"}],"curies":[{"name":"wp","href":"https:\/\/api.w.org\/{rel}","templated":true}]}}