{"id":2132,"date":"2021-01-26T15:20:40","date_gmt":"2021-01-26T15:20:40","guid":{"rendered":"https:\/\/www.rivera.gub.uy\/medioambiente\/?p=2132"},"modified":"2021-01-26T15:20:40","modified_gmt":"2021-01-26T15:20:40","slug":"dia-mundial-de-la-educacion-ambiental","status":"publish","type":"post","link":"https:\/\/www.rivera.gub.uy\/medioambiente\/dia-mundial-de-la-educacion-ambiental\/","title":{"rendered":"D\u00eda Mundial de la Educaci\u00f3n Ambiental"},"content":{"rendered":"<p>En el D\u00eda Mundial de la Educaci\u00f3n Ambiental, saludamos a todos los Educadores Ambientales que son constructores continuos de Desarrollo Sostenible.<\/p>\n<p><!--more--><\/p>\n<p><a href=\"https:\/\/www.rivera.gub.uy\/medioambiente\/wp-content\/uploads\/2021\/01\/WhatsApp-Image-2021-01-26-at-12.12.21-PM.jpeg\"><img loading=\"lazy\" decoding=\"async\" class=\"aligncenter wp-image-2133 size-medium\" src=\"https:\/\/www.rivera.gub.uy\/medioambiente\/wp-content\/uploads\/2021\/01\/WhatsApp-Image-2021-01-26-at-12.12.21-PM-300x251.jpeg\" alt=\"\" width=\"300\" height=\"251\" srcset=\"https:\/\/www.rivera.gub.uy\/medioambiente\/wp-content\/uploads\/2021\/01\/WhatsApp-Image-2021-01-26-at-12.12.21-PM-300x251.jpeg 300w, https:\/\/www.rivera.gub.uy\/medioambiente\/wp-content\/uploads\/2021\/01\/WhatsApp-Image-2021-01-26-at-12.12.21-PM-768x644.jpeg 768w, https:\/\/www.rivera.gub.uy\/medioambiente\/wp-content\/uploads\/2021\/01\/WhatsApp-Image-2021-01-26-at-12.12.21-PM-820x687.jpeg 820w, https:\/\/www.rivera.gub.uy\/medioambiente\/wp-content\/uploads\/2021\/01\/WhatsApp-Image-2021-01-26-at-12.12.21-PM.jpeg 940w\" sizes=\"(max-width: 300px) 100vw, 300px\" \/><\/a><\/p>\n","protected":false},"excerpt":{"rendered":"<p>En el D\u00eda Mundial de la Educaci\u00f3n Ambiental, saludamos a todos los Educadores Ambientales que son constructores continuos de Desarrollo Sostenible.<\/p>\n","protected":false},"author":2,"featured_media":2134,"comment_status":"open","ping_status":"open","sticky":false,"template":"","format":"standard","meta":{"footnotes":""},"categories":[1],"tags":[148,21],"_links":{"self":[{"href":"https:\/\/www.rivera.gub.uy\/medioambiente\/wp-json\/wp\/v2\/posts\/2132"}],"collection":[{"href":"https:\/\/www.rivera.gub.uy\/medioambiente\/wp-json\/wp\/v2\/posts"}],"about":[{"href":"https:\/\/www.rivera.gub.uy\/medioambiente\/wp-json\/wp\/v2\/types\/post"}],"author":[{"embeddable":true,"href":"https:\/\/www.rivera.gub.uy\/medioambiente\/wp-json\/wp\/v2\/users\/2"}],"replies":[{"embeddable":true,"href":"https:\/\/www.rivera.gub.uy\/medioambiente\/wp-json\/wp\/v2\/comments?post=2132"}],"version-history":[{"count":1,"href":"https:\/\/www.rivera.gub.uy\/medioambiente\/wp-json\/wp\/v2\/posts\/2132\/revisions"}],"predecessor-version":[{"id":2135,"href":"https:\/\/www.rivera.gub.uy\/medioambiente\/wp-json\/wp\/v2\/posts\/2132\/revisions\/2135"}],"wp:featuredmedia":[{"embeddable":true,"href":"https:\/\/www.rivera.gub.uy\/medioambiente\/wp-json\/wp\/v2\/media\/2134"}],"wp:attachment":[{"href":"https:\/\/www.rivera.gub.uy\/medioambiente\/wp-json\/wp\/v2\/media?parent=2132"}],"wp:term":[{"taxonomy":"category","embeddable":true,"href":"https:\/\/www.rivera.gub.uy\/medioambiente\/wp-json\/wp\/v2\/categories?post=2132"},{"taxonomy":"post_tag","embeddable":true,"href":"https:\/\/www.rivera.gub.uy\/medioambiente\/wp-json\/wp\/v2\/tags?post=2132"}],"curies":[{"name":"wp","href":"https:\/\/api.w.org\/{rel}","templated":true}]}}