{"id":2136,"date":"2021-01-27T15:32:23","date_gmt":"2021-01-27T15:32:23","guid":{"rendered":"https:\/\/www.rivera.gub.uy\/medioambiente\/?p=2136"},"modified":"2021-01-27T15:32:23","modified_gmt":"2021-01-27T15:32:23","slug":"minas-de-corrales-verde","status":"publish","type":"post","link":"https:\/\/www.rivera.gub.uy\/medioambiente\/minas-de-corrales-verde\/","title":{"rendered":"Minas de Corrales Verde"},"content":{"rendered":"<p>Hoy el director de divisi\u00f3n Medio Ambiente, Fabio Oca\u00f1o, y el Ing. Agr. Aler Donad\u00edo, mantuvieron una reuni\u00f3n de trabajo con el Alcalde de Minas de Corrales, Sr. Washington \u201cTixxe\u201d Gonz\u00e1lez, y con el Sr. Hugo Pereira.<!--more--><br \/>\nSe abordaron distintos temas ambientales y proyectos a futuro. Tambi\u00e9n se coordin\u00f3 acciones de Educaci\u00f3n Ambiental para funcionarios municipales y Centros de Educaci\u00f3n.<\/p>\n<p>Se culmin\u00f3 la jornada con la visita en la plantaci\u00f3n de \u00e1rboles nativos del Proyecto \u00abMinas de Corrales Verde\u00bb.<\/p>\n<p>&nbsp;<\/p>\n<div id='gallery-1' class='gallery galleryid-2136 gallery-columns-3 gallery-size-thumbnail'><figure class='gallery-item'>\n\t\t\t<div class='gallery-icon landscape'>\n\t\t\t\t<a href='https:\/\/www.rivera.gub.uy\/medioambiente\/wp-content\/uploads\/2021\/01\/WhatsApp-Image-2021-01-27-at-12.25.38-PM.jpeg'><img loading=\"lazy\" decoding=\"async\" width=\"150\" height=\"150\" src=\"https:\/\/www.rivera.gub.uy\/medioambiente\/wp-content\/uploads\/2021\/01\/WhatsApp-Image-2021-01-27-at-12.25.38-PM-150x150.jpeg\" class=\"attachment-thumbnail size-thumbnail\" alt=\"\" \/><\/a>\n\t\t\t<\/div><\/figure><figure class='gallery-item'>\n\t\t\t<div class='gallery-icon landscape'>\n\t\t\t\t<a href='https:\/\/www.rivera.gub.uy\/medioambiente\/wp-content\/uploads\/2021\/01\/WhatsApp-Image-2021-01-27-at-12.25.39-PM-1.jpeg'><img loading=\"lazy\" decoding=\"async\" width=\"150\" height=\"150\" src=\"https:\/\/www.rivera.gub.uy\/medioambiente\/wp-content\/uploads\/2021\/01\/WhatsApp-Image-2021-01-27-at-12.25.39-PM-1-150x150.jpeg\" class=\"attachment-thumbnail size-thumbnail\" alt=\"\" \/><\/a>\n\t\t\t<\/div><\/figure><figure class='gallery-item'>\n\t\t\t<div class='gallery-icon landscape'>\n\t\t\t\t<a href='https:\/\/www.rivera.gub.uy\/medioambiente\/wp-content\/uploads\/2021\/01\/WhatsApp-Image-2021-01-27-at-12.25.39-PM.jpeg'><img loading=\"lazy\" decoding=\"async\" width=\"150\" height=\"150\" src=\"https:\/\/www.rivera.gub.uy\/medioambiente\/wp-content\/uploads\/2021\/01\/WhatsApp-Image-2021-01-27-at-12.25.39-PM-150x150.jpeg\" class=\"attachment-thumbnail size-thumbnail\" alt=\"\" \/><\/a>\n\t\t\t<\/div><\/figure>\n\t\t<\/div>\n\n","protected":false},"excerpt":{"rendered":"<p>Hoy el director de divisi\u00f3n Medio Ambiente, Fabio Oca\u00f1o, y el Ing. Agr. Aler Donad\u00edo, mantuvieron una reuni\u00f3n de trabajo con el Alcalde de Minas de Corrales, Sr. Washington \u201cTixxe\u201d Gonz\u00e1lez, y con el Sr. Hugo Pereira.<\/p>\n","protected":false},"author":2,"featured_media":2138,"comment_status":"open","ping_status":"open","sticky":false,"template":"","format":"standard","meta":{"footnotes":""},"categories":[1],"tags":[148,16,149,17],"_links":{"self":[{"href":"https:\/\/www.rivera.gub.uy\/medioambiente\/wp-json\/wp\/v2\/posts\/2136"}],"collection":[{"href":"https:\/\/www.rivera.gub.uy\/medioambiente\/wp-json\/wp\/v2\/posts"}],"about":[{"href":"https:\/\/www.rivera.gub.uy\/medioambiente\/wp-json\/wp\/v2\/types\/post"}],"author":[{"embeddable":true,"href":"https:\/\/www.rivera.gub.uy\/medioambiente\/wp-json\/wp\/v2\/users\/2"}],"replies":[{"embeddable":true,"href":"https:\/\/www.rivera.gub.uy\/medioambiente\/wp-json\/wp\/v2\/comments?post=2136"}],"version-history":[{"count":1,"href":"https:\/\/www.rivera.gub.uy\/medioambiente\/wp-json\/wp\/v2\/posts\/2136\/revisions"}],"predecessor-version":[{"id":2140,"href":"https:\/\/www.rivera.gub.uy\/medioambiente\/wp-json\/wp\/v2\/posts\/2136\/revisions\/2140"}],"wp:featuredmedia":[{"embeddable":true,"href":"https:\/\/www.rivera.gub.uy\/medioambiente\/wp-json\/wp\/v2\/media\/2138"}],"wp:attachment":[{"href":"https:\/\/www.rivera.gub.uy\/medioambiente\/wp-json\/wp\/v2\/media?parent=2136"}],"wp:term":[{"taxonomy":"category","embeddable":true,"href":"https:\/\/www.rivera.gub.uy\/medioambiente\/wp-json\/wp\/v2\/categories?post=2136"},{"taxonomy":"post_tag","embeddable":true,"href":"https:\/\/www.rivera.gub.uy\/medioambiente\/wp-json\/wp\/v2\/tags?post=2136"}],"curies":[{"name":"wp","href":"https:\/\/api.w.org\/{rel}","templated":true}]}}