{"id":21595,"date":"2024-09-03T16:43:06","date_gmt":"2024-09-03T16:43:06","guid":{"rendered":"https:\/\/www.rivera.gub.uy\/medioambiente\/?p=21595"},"modified":"2024-09-03T17:14:14","modified_gmt":"2024-09-03T17:14:14","slug":"presentaciones-y-actividades-gastronomicas-en-la-expo-prado-2024","status":"publish","type":"post","link":"https:\/\/www.rivera.gub.uy\/medioambiente\/presentaciones-y-actividades-gastronomicas-en-la-expo-prado-2024\/","title":{"rendered":"Presentaciones y Actividades Gastron\u00f3micas en la Expo Prado 2024"},"content":{"rendered":"<p>Este 10 y 11 de setiembre, \u00abDestino Binacional\u00bb estar\u00e1 presente en la Expo Prado 2024.<!--more--><\/p>\n<p>Durante las jornadas se llevar\u00e1n a cabo presentaciones y actividades gastron\u00f3micas, que forman parte del programa de Destino Binacional, una iniciativa que busca destacar la riqueza cultural y tur\u00edstica de la frontera entre Sant&#8217;Ana do Livramento y Rivera.<\/p>\n<p>Agenda de Presentaciones:<\/p>\n<p><strong>Martes 10 de setiembre a las 14:00 horas:\u00a0<\/strong><\/p>\n<ul>\n<li>Destino Binacional &#8211; Santiago Viera<\/li>\n<li>Villa Pancha &#8211; Laura<\/li>\n<li>Posada Del Minero &#8211; Edelweiss Oliver<\/li>\n<li>Cerro do Chap\u00e9u &#8211; Margarita Carrau<\/li>\n<li>Giordani Turismo &#8211; Helena Moreira<\/li>\n<li>Frontier Hotel Rivera &#8211; Florencia Berruti<\/li>\n<li>Wilson de Lima, Daniela Silva &#8211; Hemels Alfajores<\/li>\n<\/ul>\n<p>Actividad especial a las <strong>18:00 horas:<\/strong><\/p>\n<ul>\n<li>Presentaci\u00f3n de Grupo Chopp Time<\/li>\n<\/ul>\n<p><strong>Mi\u00e9rcoles 11 de setiembre a las 11:00 horas:<\/strong><\/p>\n<ul>\n<li>Destino Binacional<\/li>\n<li>Villa Pancha<\/li>\n<li>Posada Del Minero<\/li>\n<li>Cerro do Chap\u00e9u<\/li>\n<li>Giordani Turismo<\/li>\n<li>Frontier Hotel Rivera<\/li>\n<li>Hemels Alfajores<\/li>\n<\/ul>\n<p>Actividad especial a las <strong>12:00 horas:<\/strong><\/p>\n<ul>\n<li>Gastronom\u00eda: Carreteiro Fronterizo con maridaje de Vinos Cerro do Chap\u00e9u<\/li>\n<\/ul>\n<p>&nbsp;<\/p>\n","protected":false},"excerpt":{"rendered":"<p>Este 10 y 11 de setiembre, \u00abDestino Binacional\u00bb estar\u00e1 presente en la Expo Prado 2024.<\/p>\n","protected":false},"author":1,"featured_media":21596,"comment_status":"open","ping_status":"open","sticky":false,"template":"","format":"standard","meta":{"footnotes":""},"categories":[1],"tags":[],"_links":{"self":[{"href":"https:\/\/www.rivera.gub.uy\/medioambiente\/wp-json\/wp\/v2\/posts\/21595"}],"collection":[{"href":"https:\/\/www.rivera.gub.uy\/medioambiente\/wp-json\/wp\/v2\/posts"}],"about":[{"href":"https:\/\/www.rivera.gub.uy\/medioambiente\/wp-json\/wp\/v2\/types\/post"}],"author":[{"embeddable":true,"href":"https:\/\/www.rivera.gub.uy\/medioambiente\/wp-json\/wp\/v2\/users\/1"}],"replies":[{"embeddable":true,"href":"https:\/\/www.rivera.gub.uy\/medioambiente\/wp-json\/wp\/v2\/comments?post=21595"}],"version-history":[{"count":2,"href":"https:\/\/www.rivera.gub.uy\/medioambiente\/wp-json\/wp\/v2\/posts\/21595\/revisions"}],"predecessor-version":[{"id":21598,"href":"https:\/\/www.rivera.gub.uy\/medioambiente\/wp-json\/wp\/v2\/posts\/21595\/revisions\/21598"}],"wp:featuredmedia":[{"embeddable":true,"href":"https:\/\/www.rivera.gub.uy\/medioambiente\/wp-json\/wp\/v2\/media\/21596"}],"wp:attachment":[{"href":"https:\/\/www.rivera.gub.uy\/medioambiente\/wp-json\/wp\/v2\/media?parent=21595"}],"wp:term":[{"taxonomy":"category","embeddable":true,"href":"https:\/\/www.rivera.gub.uy\/medioambiente\/wp-json\/wp\/v2\/categories?post=21595"},{"taxonomy":"post_tag","embeddable":true,"href":"https:\/\/www.rivera.gub.uy\/medioambiente\/wp-json\/wp\/v2\/tags?post=21595"}],"curies":[{"name":"wp","href":"https:\/\/api.w.org\/{rel}","templated":true}]}}