{"id":2190,"date":"2021-04-06T13:51:54","date_gmt":"2021-04-06T13:51:54","guid":{"rendered":"https:\/\/www.rivera.gub.uy\/medioambiente\/?p=2190"},"modified":"2021-04-06T13:54:32","modified_gmt":"2021-04-06T13:54:32","slug":"un-nuevo-integrante-para-impulsar-el-ecosistema-de-innovacion-en-la-frontera-norte-de-uruguay-y-sur-de-brasil","status":"publish","type":"post","link":"https:\/\/www.rivera.gub.uy\/medioambiente\/un-nuevo-integrante-para-impulsar-el-ecosistema-de-innovacion-en-la-frontera-norte-de-uruguay-y-sur-de-brasil\/","title":{"rendered":"Un nuevo integrante para impulsar el ecosistema de innovaci\u00f3n en la frontera norte de Uruguay y sur de Brasil"},"content":{"rendered":"<p>La Prefectura de Livramento se suma al proceso en el que participa UTEC junto a empresas y la Intendencia de Rivera<\/p>\n<p><!--more--><\/p>\n<p>Que la frontera Rivera-Livramento crezca en emprendimientos e innovaci\u00f3n, este es el objetivo de un grupo de trabajo en el que participan la Universidad Tecnol\u00f3gica (UTEC), empresas, la Intendencia de Rivera y ahora tambi\u00e9n su contraparte de gobierno local del lado brasile\u00f1o, la prefectura de Santana do Livramento que est\u00e1 en proceso de incorporaci\u00f3n.<\/p>\n<p>El trabajo se puso en marcha desde abril de 2020 y se trata del proyecto de Bienes P\u00fablicos para la Competitividad denominado Cowork Rivera: Innovaci\u00f3n y Desarrollo, financiado por la Agencia Nacional de Desarrollo (ANDE).<\/p>\n<p><strong>El nuevo integrante<\/strong><\/p>\n<p>Con casi 7.000 km2 de extensi\u00f3n y una poblaci\u00f3n aproximada de 82.000 habitantes, el municipio de Livramento y la ciudad de Rivera conforman un conglomerado de casi 200.000 personas que conviven diariamente y comparten una cultura fronteriza que se manifiesta, entre otras cosas, en el portu\u00f1ol practicado cotidianamente en ambos lados de la frontera.<\/p>\n<p>Esta realidad hace que sea indispensable el trabajo en conjunto entre los actores de ambos pa\u00edses, por lo que la incorporaci\u00f3n del gobierno municipal de Brasil es \u201csumamente importante\u201d, seg\u00fan expres\u00f3 la coordinadora de Vinculaci\u00f3n del Instituto Tecnol\u00f3gico Regional Norte (ITR Norte) de UTEC, Maira Escosteguy.<\/p>\n<p>La \u00faltima reuni\u00f3n del ecosistema de innovaci\u00f3n de la frontera cont\u00f3 por primera vez con la participaci\u00f3n de la prefecta del municipio de Santana do Livramento, Ana Tarouco, y el vice prefecto, Evandro Gutebier. Ambos mandatarios asistieron a una presentaci\u00f3n del proyecto y se mostraron dispuestos a trabajar en conjunto. \u201cEntendieron la importancia de este movimiento y se comprometieron a designar a tres personas para que integren los diferentes equipos de trabajo del ecosistema\u201d, indic\u00f3 Escosteguy, valorando esta incorporaci\u00f3n como un gran paso para el proyecto.<\/p>\n<p><strong>Por qu\u00e9 UTEC se interesa por impulsar la innovaci\u00f3n en Rivera<\/strong><\/p>\n<p>Pensando en la inserci\u00f3n laboral de sus futuros egresados, hace un a\u00f1o ya que la Universidad Tecnol\u00f3gica junto a otros actores, se embarc\u00f3 en el proyecto para impulsar el desarrollo de Rivera-Livramento. El plan tiene como objetivo dinamizar el ecosistema emprendedor de la frontera, fundamentalmente el vinculado a Tecnolog\u00edas de la Informaci\u00f3n y Fabricaci\u00f3n Digital, a trav\u00e9s del cowork Rivera, que a partir de mediados de 2021 tendr\u00e1 un renovado y amplio espacio de 500 m2 en el ITR Norte destinado a los emprendedores de la regi\u00f3n.<\/p>\n<p>Uno de los objetivos espec\u00edficos del proyecto era elaborar un diagn\u00f3stico del ambiente emprendedor (con \u00e9nfasis en las cadenas TICs y fabricaci\u00f3n 3D). Para dicha tarea se contrat\u00f3 al grupo de expertos VIA \u2013\u00a0<i>Esta\u00e7\u00e3o Conhecimento\u00a0<\/i>de la Universidad Federal de Santa Catarina. Con su orientaci\u00f3n se inici\u00f3 un largo camino, primero para identificar y mapear a los actores clave que integran el ecosistema de innovaci\u00f3n del territorio. Luego, se los convoc\u00f3 a participar, y en ese trayecto se involucraron muchos de ellos. Los actores del ecosistema de la frontera est\u00e1n organizados en siete categor\u00edas: h\u00e1bitats de innovaci\u00f3n, empresas, actores p\u00fablicos, institucionales, de fomento y de conocimiento.<\/p>\n<p>Despu\u00e9s del\u00a0<a href=\"https:\/\/www.google.com\/maps\/d\/u\/0\/viewer?hl=pt-BR&amp;mid=1HWIGL82wNFmFMvhPrNa9MG2fze5i6lL3&amp;ll=-31.167991956154395%2C-54.98107240128956&amp;z=9\" target=\"_blank\" rel=\"noopener noreferrer\">mapeo<\/a>\u00a0de los actores se realiz\u00f3 el primer diagn\u00f3stico en el que se identificaron puntos a trabajar relacionados a la informaci\u00f3n, los talentos y la gobernanza del ecosistema. Desde entonces se ha venido avanzando en estos temas a trav\u00e9s de la conformaci\u00f3n de tres grupos de trabajo que se re\u00fanen peri\u00f3dicamente.<\/p>\n<p>&nbsp;<\/p>\n<p>Fuente: <a href=\"https:\/\/utec.edu.uy\/itr-norte\/un-nuevo-integrante-para-impulsar-el-ecosistema-de-innovacion-en-la-frontera-norte-de-uruguay-y-sur-de-brasil\/\" target=\"_blank\" rel=\"noopener noreferrer\">UTEC<\/a><\/p>\n","protected":false},"excerpt":{"rendered":"<p>La Prefectura de Livramento se suma al proceso en el que participa UTEC junto a empresas y la Intendencia de Rivera<\/p>\n","protected":false},"author":2,"featured_media":2192,"comment_status":"open","ping_status":"open","sticky":false,"template":"","format":"standard","meta":{"footnotes":""},"categories":[1],"tags":[20,151,16,150,25],"_links":{"self":[{"href":"https:\/\/www.rivera.gub.uy\/medioambiente\/wp-json\/wp\/v2\/posts\/2190"}],"collection":[{"href":"https:\/\/www.rivera.gub.uy\/medioambiente\/wp-json\/wp\/v2\/posts"}],"about":[{"href":"https:\/\/www.rivera.gub.uy\/medioambiente\/wp-json\/wp\/v2\/types\/post"}],"author":[{"embeddable":true,"href":"https:\/\/www.rivera.gub.uy\/medioambiente\/wp-json\/wp\/v2\/users\/2"}],"replies":[{"embeddable":true,"href":"https:\/\/www.rivera.gub.uy\/medioambiente\/wp-json\/wp\/v2\/comments?post=2190"}],"version-history":[{"count":2,"href":"https:\/\/www.rivera.gub.uy\/medioambiente\/wp-json\/wp\/v2\/posts\/2190\/revisions"}],"predecessor-version":[{"id":2193,"href":"https:\/\/www.rivera.gub.uy\/medioambiente\/wp-json\/wp\/v2\/posts\/2190\/revisions\/2193"}],"wp:featuredmedia":[{"embeddable":true,"href":"https:\/\/www.rivera.gub.uy\/medioambiente\/wp-json\/wp\/v2\/media\/2192"}],"wp:attachment":[{"href":"https:\/\/www.rivera.gub.uy\/medioambiente\/wp-json\/wp\/v2\/media?parent=2190"}],"wp:term":[{"taxonomy":"category","embeddable":true,"href":"https:\/\/www.rivera.gub.uy\/medioambiente\/wp-json\/wp\/v2\/categories?post=2190"},{"taxonomy":"post_tag","embeddable":true,"href":"https:\/\/www.rivera.gub.uy\/medioambiente\/wp-json\/wp\/v2\/tags?post=2190"}],"curies":[{"name":"wp","href":"https:\/\/api.w.org\/{rel}","templated":true}]}}