{"id":21980,"date":"2024-10-11T12:07:39","date_gmt":"2024-10-11T12:07:39","guid":{"rendered":"https:\/\/www.rivera.gub.uy\/medioambiente\/?p=21980"},"modified":"2024-10-11T12:07:39","modified_gmt":"2024-10-11T12:07:39","slug":"programa-yo-estudio-y-trabajo","status":"publish","type":"post","link":"https:\/\/www.rivera.gub.uy\/medioambiente\/programa-yo-estudio-y-trabajo\/","title":{"rendered":"Programa Yo Estudio y Trabajo"},"content":{"rendered":"<p>El programa Yo Estudio y Trabajo es una iniciativa interinstitucional creada en abril de 2012, que busca fortalecer el v\u00ednculo entre la educaci\u00f3n y el mundo laboral en Uruguay. Coordinado por la Direcci\u00f3n Nacional de Empleo (DINAE) del Ministerio de Trabajo y Seguridad Social (MTSS), este programa ofrece a j\u00f3venes estudiantes la oportunidad de acceder a su primera experiencia laboral formal, permiti\u00e9ndoles adquirir habilidades pr\u00e1cticas y mejorar su empleabilidad.<!--more--><\/p>\n<p>En su \u00faltima edici\u00f3n, se llev\u00f3 a cabo un sorteo en Rivera, donde se seleccionaron a 11 j\u00f3venes para participar en este valioso programa. Esta iniciativa no solo promueve el desarrollo profesional, sino que tambi\u00e9n ayuda a los j\u00f3venes a construir una red de contactos y aplicar lo aprendido en sus estudios en un entorno laboral real.<\/p>\n<p>Con Yo Estudio y Trabajo, se busca empoderar a la juventud uruguaya, brind\u00e1ndoles herramientas y oportunidades para un futuro m\u00e1s prometedor.<\/p>\n","protected":false},"excerpt":{"rendered":"<p>El programa Yo Estudio y Trabajo es una iniciativa interinstitucional creada en abril de 2012, que busca fortalecer el v\u00ednculo entre la educaci\u00f3n y el mundo laboral en Uruguay. Coordinado por la Direcci\u00f3n Nacional de Empleo (DINAE) del Ministerio de Trabajo y Seguridad Social (MTSS), este programa ofrece a j\u00f3venes estudiantes la oportunidad de acceder [&hellip;]<\/p>\n","protected":false},"author":1,"featured_media":21981,"comment_status":"open","ping_status":"open","sticky":false,"template":"","format":"standard","meta":{"footnotes":""},"categories":[1],"tags":[],"_links":{"self":[{"href":"https:\/\/www.rivera.gub.uy\/medioambiente\/wp-json\/wp\/v2\/posts\/21980"}],"collection":[{"href":"https:\/\/www.rivera.gub.uy\/medioambiente\/wp-json\/wp\/v2\/posts"}],"about":[{"href":"https:\/\/www.rivera.gub.uy\/medioambiente\/wp-json\/wp\/v2\/types\/post"}],"author":[{"embeddable":true,"href":"https:\/\/www.rivera.gub.uy\/medioambiente\/wp-json\/wp\/v2\/users\/1"}],"replies":[{"embeddable":true,"href":"https:\/\/www.rivera.gub.uy\/medioambiente\/wp-json\/wp\/v2\/comments?post=21980"}],"version-history":[{"count":1,"href":"https:\/\/www.rivera.gub.uy\/medioambiente\/wp-json\/wp\/v2\/posts\/21980\/revisions"}],"predecessor-version":[{"id":21982,"href":"https:\/\/www.rivera.gub.uy\/medioambiente\/wp-json\/wp\/v2\/posts\/21980\/revisions\/21982"}],"wp:featuredmedia":[{"embeddable":true,"href":"https:\/\/www.rivera.gub.uy\/medioambiente\/wp-json\/wp\/v2\/media\/21981"}],"wp:attachment":[{"href":"https:\/\/www.rivera.gub.uy\/medioambiente\/wp-json\/wp\/v2\/media?parent=21980"}],"wp:term":[{"taxonomy":"category","embeddable":true,"href":"https:\/\/www.rivera.gub.uy\/medioambiente\/wp-json\/wp\/v2\/categories?post=21980"},{"taxonomy":"post_tag","embeddable":true,"href":"https:\/\/www.rivera.gub.uy\/medioambiente\/wp-json\/wp\/v2\/tags?post=21980"}],"curies":[{"name":"wp","href":"https:\/\/api.w.org\/{rel}","templated":true}]}}