{"id":2204,"date":"2021-04-28T15:52:14","date_gmt":"2021-04-28T15:52:14","guid":{"rendered":"https:\/\/www.rivera.gub.uy\/medioambiente\/?p=2204"},"modified":"2021-04-28T15:52:14","modified_gmt":"2021-04-28T15:52:14","slug":"proyecto-afro-fronterizo-expande-su-linea-de-productos","status":"publish","type":"post","link":"https:\/\/www.rivera.gub.uy\/medioambiente\/proyecto-afro-fronterizo-expande-su-linea-de-productos\/","title":{"rendered":"Proyecto Afro Fronterizo expande su l\u00ednea de productos"},"content":{"rendered":"<p>El proyecto Afro Fronterizo, que ofrece talleres gratuitos de carpinter\u00eda y armado de tambores, contin\u00faa ampliando su oferta de productos para la venta realizados en madera.<!--more--><\/p>\n<p>En esta oportunidad se est\u00e1n elaborando macetas reciclables, adem\u00e1s de los tradicionales tambores, pizarrones multiuso, tablas para asado y dem\u00e1s productos solicitados a medida.<\/p>\n<p>Estos productos se pueden adquirir a trav\u00e9s del <a href=\"tel:+59892704645\">092 704 645<\/a> o en Nieto Clavera 370 (Club Cerro), los d\u00edas lunes, martes y jueves de 14 a 17 horas.<\/p>\n<p>&nbsp;<\/p>\n<div id='gallery-1' class='gallery galleryid-2204 gallery-columns-3 gallery-size-medium'><figure class='gallery-item'>\n\t\t\t<div class='gallery-icon portrait'>\n\t\t\t\t<a href='https:\/\/www.rivera.gub.uy\/medioambiente\/wp-content\/uploads\/2021\/04\/WhatsApp-Image-2021-04-27-at-3.35.48-PM.jpeg'><img loading=\"lazy\" decoding=\"async\" width=\"225\" height=\"300\" src=\"https:\/\/www.rivera.gub.uy\/medioambiente\/wp-content\/uploads\/2021\/04\/WhatsApp-Image-2021-04-27-at-3.35.48-PM-225x300.jpeg\" class=\"attachment-medium size-medium\" alt=\"\" srcset=\"https:\/\/www.rivera.gub.uy\/medioambiente\/wp-content\/uploads\/2021\/04\/WhatsApp-Image-2021-04-27-at-3.35.48-PM-225x300.jpeg 225w, https:\/\/www.rivera.gub.uy\/medioambiente\/wp-content\/uploads\/2021\/04\/WhatsApp-Image-2021-04-27-at-3.35.48-PM-769x1024.jpeg 769w, https:\/\/www.rivera.gub.uy\/medioambiente\/wp-content\/uploads\/2021\/04\/WhatsApp-Image-2021-04-27-at-3.35.48-PM-768x1023.jpeg 768w, https:\/\/www.rivera.gub.uy\/medioambiente\/wp-content\/uploads\/2021\/04\/WhatsApp-Image-2021-04-27-at-3.35.48-PM-1153x1536.jpeg 1153w, https:\/\/www.rivera.gub.uy\/medioambiente\/wp-content\/uploads\/2021\/04\/WhatsApp-Image-2021-04-27-at-3.35.48-PM-820x1092.jpeg 820w, https:\/\/www.rivera.gub.uy\/medioambiente\/wp-content\/uploads\/2021\/04\/WhatsApp-Image-2021-04-27-at-3.35.48-PM.jpeg 1201w\" sizes=\"(max-width: 225px) 100vw, 225px\" \/><\/a>\n\t\t\t<\/div><\/figure><figure class='gallery-item'>\n\t\t\t<div class='gallery-icon landscape'>\n\t\t\t\t<a href='https:\/\/www.rivera.gub.uy\/medioambiente\/wp-content\/uploads\/2021\/04\/WhatsApp-Image-2021-04-27-at-1.39.33-PM.jpeg'><img loading=\"lazy\" decoding=\"async\" width=\"300\" height=\"194\" src=\"https:\/\/www.rivera.gub.uy\/medioambiente\/wp-content\/uploads\/2021\/04\/WhatsApp-Image-2021-04-27-at-1.39.33-PM-300x194.jpeg\" class=\"attachment-medium size-medium\" alt=\"\" srcset=\"https:\/\/www.rivera.gub.uy\/medioambiente\/wp-content\/uploads\/2021\/04\/WhatsApp-Image-2021-04-27-at-1.39.33-PM-300x194.jpeg 300w, https:\/\/www.rivera.gub.uy\/medioambiente\/wp-content\/uploads\/2021\/04\/WhatsApp-Image-2021-04-27-at-1.39.33-PM-1024x664.jpeg 1024w, https:\/\/www.rivera.gub.uy\/medioambiente\/wp-content\/uploads\/2021\/04\/WhatsApp-Image-2021-04-27-at-1.39.33-PM-768x498.jpeg 768w, https:\/\/www.rivera.gub.uy\/medioambiente\/wp-content\/uploads\/2021\/04\/WhatsApp-Image-2021-04-27-at-1.39.33-PM-1536x996.jpeg 1536w, https:\/\/www.rivera.gub.uy\/medioambiente\/wp-content\/uploads\/2021\/04\/WhatsApp-Image-2021-04-27-at-1.39.33-PM-820x531.jpeg 820w, https:\/\/www.rivera.gub.uy\/medioambiente\/wp-content\/uploads\/2021\/04\/WhatsApp-Image-2021-04-27-at-1.39.33-PM.jpeg 1600w\" sizes=\"(max-width: 300px) 100vw, 300px\" \/><\/a>\n\t\t\t<\/div><\/figure><figure class='gallery-item'>\n\t\t\t<div class='gallery-icon landscape'>\n\t\t\t\t<a href='https:\/\/www.rivera.gub.uy\/medioambiente\/wp-content\/uploads\/2021\/04\/WhatsApp-Image-2021-04-27-at-1.39.32-PM.jpeg'><img loading=\"lazy\" decoding=\"async\" width=\"300\" height=\"225\" src=\"https:\/\/www.rivera.gub.uy\/medioambiente\/wp-content\/uploads\/2021\/04\/WhatsApp-Image-2021-04-27-at-1.39.32-PM-300x225.jpeg\" class=\"attachment-medium size-medium\" alt=\"\" srcset=\"https:\/\/www.rivera.gub.uy\/medioambiente\/wp-content\/uploads\/2021\/04\/WhatsApp-Image-2021-04-27-at-1.39.32-PM-300x225.jpeg 300w, https:\/\/www.rivera.gub.uy\/medioambiente\/wp-content\/uploads\/2021\/04\/WhatsApp-Image-2021-04-27-at-1.39.32-PM-1024x769.jpeg 1024w, https:\/\/www.rivera.gub.uy\/medioambiente\/wp-content\/uploads\/2021\/04\/WhatsApp-Image-2021-04-27-at-1.39.32-PM-768x576.jpeg 768w, https:\/\/www.rivera.gub.uy\/medioambiente\/wp-content\/uploads\/2021\/04\/WhatsApp-Image-2021-04-27-at-1.39.32-PM-1536x1153.jpeg 1536w, https:\/\/www.rivera.gub.uy\/medioambiente\/wp-content\/uploads\/2021\/04\/WhatsApp-Image-2021-04-27-at-1.39.32-PM-820x616.jpeg 820w, https:\/\/www.rivera.gub.uy\/medioambiente\/wp-content\/uploads\/2021\/04\/WhatsApp-Image-2021-04-27-at-1.39.32-PM.jpeg 1600w\" sizes=\"(max-width: 300px) 100vw, 300px\" \/><\/a>\n\t\t\t<\/div><\/figure><figure class='gallery-item'>\n\t\t\t<div class='gallery-icon landscape'>\n\t\t\t\t<a href='https:\/\/www.rivera.gub.uy\/medioambiente\/wp-content\/uploads\/2021\/04\/173426428_801255367192192_3111600383392479345_n.jpg'><img loading=\"lazy\" decoding=\"async\" width=\"300\" height=\"300\" src=\"https:\/\/www.rivera.gub.uy\/medioambiente\/wp-content\/uploads\/2021\/04\/173426428_801255367192192_3111600383392479345_n-300x300.jpg\" class=\"attachment-medium size-medium\" alt=\"\" srcset=\"https:\/\/www.rivera.gub.uy\/medioambiente\/wp-content\/uploads\/2021\/04\/173426428_801255367192192_3111600383392479345_n-300x300.jpg 300w, https:\/\/www.rivera.gub.uy\/medioambiente\/wp-content\/uploads\/2021\/04\/173426428_801255367192192_3111600383392479345_n-150x150.jpg 150w, https:\/\/www.rivera.gub.uy\/medioambiente\/wp-content\/uploads\/2021\/04\/173426428_801255367192192_3111600383392479345_n.jpg 640w\" sizes=\"(max-width: 300px) 100vw, 300px\" \/><\/a>\n\t\t\t<\/div><\/figure><figure class='gallery-item'>\n\t\t\t<div class='gallery-icon landscape'>\n\t\t\t\t<a href='https:\/\/www.rivera.gub.uy\/medioambiente\/wp-content\/uploads\/2021\/04\/161808023_878400396346599_2532165158135219881_n.jpg'><img loading=\"lazy\" decoding=\"async\" width=\"300\" height=\"300\" src=\"https:\/\/www.rivera.gub.uy\/medioambiente\/wp-content\/uploads\/2021\/04\/161808023_878400396346599_2532165158135219881_n-300x300.jpg\" class=\"attachment-medium size-medium\" alt=\"\" srcset=\"https:\/\/www.rivera.gub.uy\/medioambiente\/wp-content\/uploads\/2021\/04\/161808023_878400396346599_2532165158135219881_n-300x300.jpg 300w, https:\/\/www.rivera.gub.uy\/medioambiente\/wp-content\/uploads\/2021\/04\/161808023_878400396346599_2532165158135219881_n-150x150.jpg 150w, https:\/\/www.rivera.gub.uy\/medioambiente\/wp-content\/uploads\/2021\/04\/161808023_878400396346599_2532165158135219881_n.jpg 640w\" sizes=\"(max-width: 300px) 100vw, 300px\" \/><\/a>\n\t\t\t<\/div><\/figure><figure class='gallery-item'>\n\t\t\t<div class='gallery-icon landscape'>\n\t\t\t\t<a href='https:\/\/www.rivera.gub.uy\/medioambiente\/wp-content\/uploads\/2021\/04\/128930131_478279333135507_749912278483617712_n.jpg'><img loading=\"lazy\" decoding=\"async\" width=\"300\" height=\"300\" src=\"https:\/\/www.rivera.gub.uy\/medioambiente\/wp-content\/uploads\/2021\/04\/128930131_478279333135507_749912278483617712_n-300x300.jpg\" class=\"attachment-medium size-medium\" alt=\"\" srcset=\"https:\/\/www.rivera.gub.uy\/medioambiente\/wp-content\/uploads\/2021\/04\/128930131_478279333135507_749912278483617712_n-300x300.jpg 300w, https:\/\/www.rivera.gub.uy\/medioambiente\/wp-content\/uploads\/2021\/04\/128930131_478279333135507_749912278483617712_n-150x150.jpg 150w, https:\/\/www.rivera.gub.uy\/medioambiente\/wp-content\/uploads\/2021\/04\/128930131_478279333135507_749912278483617712_n.jpg 750w\" sizes=\"(max-width: 300px) 100vw, 300px\" \/><\/a>\n\t\t\t<\/div><\/figure>\n\t\t<\/div>\n\n<p>&nbsp;<\/p>\n<p>&nbsp;<\/p>\n","protected":false},"excerpt":{"rendered":"<p>El proyecto Afro Fronterizo, que ofrece talleres gratuitos de carpinter\u00eda y armado de tambores, contin\u00faa ampliando su oferta de productos para la venta realizados en madera.<\/p>\n","protected":false},"author":2,"featured_media":2210,"comment_status":"open","ping_status":"open","sticky":false,"template":"","format":"standard","meta":{"footnotes":""},"categories":[1],"tags":[16,60,54,152],"_links":{"self":[{"href":"https:\/\/www.rivera.gub.uy\/medioambiente\/wp-json\/wp\/v2\/posts\/2204"}],"collection":[{"href":"https:\/\/www.rivera.gub.uy\/medioambiente\/wp-json\/wp\/v2\/posts"}],"about":[{"href":"https:\/\/www.rivera.gub.uy\/medioambiente\/wp-json\/wp\/v2\/types\/post"}],"author":[{"embeddable":true,"href":"https:\/\/www.rivera.gub.uy\/medioambiente\/wp-json\/wp\/v2\/users\/2"}],"replies":[{"embeddable":true,"href":"https:\/\/www.rivera.gub.uy\/medioambiente\/wp-json\/wp\/v2\/comments?post=2204"}],"version-history":[{"count":3,"href":"https:\/\/www.rivera.gub.uy\/medioambiente\/wp-json\/wp\/v2\/posts\/2204\/revisions"}],"predecessor-version":[{"id":2213,"href":"https:\/\/www.rivera.gub.uy\/medioambiente\/wp-json\/wp\/v2\/posts\/2204\/revisions\/2213"}],"wp:featuredmedia":[{"embeddable":true,"href":"https:\/\/www.rivera.gub.uy\/medioambiente\/wp-json\/wp\/v2\/media\/2210"}],"wp:attachment":[{"href":"https:\/\/www.rivera.gub.uy\/medioambiente\/wp-json\/wp\/v2\/media?parent=2204"}],"wp:term":[{"taxonomy":"category","embeddable":true,"href":"https:\/\/www.rivera.gub.uy\/medioambiente\/wp-json\/wp\/v2\/categories?post=2204"},{"taxonomy":"post_tag","embeddable":true,"href":"https:\/\/www.rivera.gub.uy\/medioambiente\/wp-json\/wp\/v2\/tags?post=2204"}],"curies":[{"name":"wp","href":"https:\/\/api.w.org\/{rel}","templated":true}]}}