{"id":2217,"date":"2021-06-15T12:56:58","date_gmt":"2021-06-15T12:56:58","guid":{"rendered":"https:\/\/www.rivera.gub.uy\/medioambiente\/?p=2217"},"modified":"2021-06-15T12:57:19","modified_gmt":"2021-06-15T12:57:19","slug":"taller-de-estrategia-comercial-enfocada-al-turismo","status":"publish","type":"post","link":"https:\/\/www.rivera.gub.uy\/medioambiente\/taller-de-estrategia-comercial-enfocada-al-turismo\/","title":{"rendered":"Taller de Estrategia Comercial enfocada al turismo"},"content":{"rendered":"<p>Los d\u00edas 22 y 23 de junio,\u00a0 se llevar\u00e1 a cabo el Taller de Estrategia Comercial enfocada al turismo. El evento tendr\u00e1 lugar\u00a0 en ACIR (en forma presencial y v\u00eda ZOOM), de 18:00 a 21:00 horas.<!--more--><\/p>\n<p>Dicho taller est\u00e1 comprendido en el <strong>\u201cProyecto Potenciando una Cultura Tur\u00edstica responsable en la Frontera Rivera \u2013 Livramento\u201d<\/strong> que lo viene ejecutando la Divisi\u00f3n Estrategias y Articulaciones Regionales (DEAR) de la Direcci\u00f3n General de Desarrollo y Medio Ambiente de la Intendencia Departamental Rivera<\/p>\n<p>Proyecto financiado por ANDE, Congreso de Intendentes, Intendencia de Rivera y Uni\u00f3n Europea con el apoyo de UTEC, MINTUR, CCE, ACIR y SEBRAE.<\/p>\n<p>Todos aquellos que est\u00e9n interesados deber\u00e1n completar el Formulario para inscripci\u00f3n en siguiente link: <a href=\"https:\/\/bit.do\/idr-taller\">https:\/\/bit.do\/idr-taller<\/a><\/p>\n<p>&nbsp;<\/p>\n","protected":false},"excerpt":{"rendered":"<p>Los d\u00edas 22 y 23 de junio,\u00a0 se llevar\u00e1 a cabo el Taller de Estrategia Comercial enfocada al turismo. El evento tendr\u00e1 lugar\u00a0 en ACIR (en forma presencial y v\u00eda ZOOM), de 18:00 a 21:00 horas.<\/p>\n","protected":false},"author":2,"featured_media":2218,"comment_status":"open","ping_status":"open","sticky":false,"template":"","format":"standard","meta":{"footnotes":""},"categories":[1],"tags":[153,82,154],"_links":{"self":[{"href":"https:\/\/www.rivera.gub.uy\/medioambiente\/wp-json\/wp\/v2\/posts\/2217"}],"collection":[{"href":"https:\/\/www.rivera.gub.uy\/medioambiente\/wp-json\/wp\/v2\/posts"}],"about":[{"href":"https:\/\/www.rivera.gub.uy\/medioambiente\/wp-json\/wp\/v2\/types\/post"}],"author":[{"embeddable":true,"href":"https:\/\/www.rivera.gub.uy\/medioambiente\/wp-json\/wp\/v2\/users\/2"}],"replies":[{"embeddable":true,"href":"https:\/\/www.rivera.gub.uy\/medioambiente\/wp-json\/wp\/v2\/comments?post=2217"}],"version-history":[{"count":1,"href":"https:\/\/www.rivera.gub.uy\/medioambiente\/wp-json\/wp\/v2\/posts\/2217\/revisions"}],"predecessor-version":[{"id":2219,"href":"https:\/\/www.rivera.gub.uy\/medioambiente\/wp-json\/wp\/v2\/posts\/2217\/revisions\/2219"}],"wp:featuredmedia":[{"embeddable":true,"href":"https:\/\/www.rivera.gub.uy\/medioambiente\/wp-json\/wp\/v2\/media\/2218"}],"wp:attachment":[{"href":"https:\/\/www.rivera.gub.uy\/medioambiente\/wp-json\/wp\/v2\/media?parent=2217"}],"wp:term":[{"taxonomy":"category","embeddable":true,"href":"https:\/\/www.rivera.gub.uy\/medioambiente\/wp-json\/wp\/v2\/categories?post=2217"},{"taxonomy":"post_tag","embeddable":true,"href":"https:\/\/www.rivera.gub.uy\/medioambiente\/wp-json\/wp\/v2\/tags?post=2217"}],"curies":[{"name":"wp","href":"https:\/\/api.w.org\/{rel}","templated":true}]}}