{"id":2239,"date":"2021-06-23T17:33:16","date_gmt":"2021-06-23T17:33:16","guid":{"rendered":"https:\/\/www.rivera.gub.uy\/medioambiente\/?p=2239"},"modified":"2021-06-23T17:34:20","modified_gmt":"2021-06-23T17:34:20","slug":"limpieza-en-zona-de-curticeiras","status":"publish","type":"post","link":"https:\/\/www.rivera.gub.uy\/medioambiente\/limpieza-en-zona-de-curticeiras\/","title":{"rendered":"Limpieza en zona de Curticeiras"},"content":{"rendered":"<p>Equipos de la Direcci\u00f3n General de Desarrollo y Medio Ambiente realizaron una limpieza conjunta en Curticeiras, que incluy\u00f3 limpieza de cunetas, poda de laterales, recolecci\u00f3n de ramas, desinfecci\u00f3n y levante de residuos.<\/p>\n<p>La jornada, de la que participaron los nuevos funcionarios ingresados a trav\u00e9s del programa Oportunidad Laboral, cont\u00f3 tambi\u00e9n con el apoyo de vecinos de la zona.<\/p>\n<p><!--more--><\/p>\n<div id='gallery-1' class='gallery galleryid-2239 gallery-columns-4 gallery-size-thumbnail'><figure class='gallery-item'>\n\t\t\t<div class='gallery-icon portrait'>\n\t\t\t\t<a href='https:\/\/www.rivera.gub.uy\/medioambiente\/wp-content\/uploads\/2021\/06\/203301339_4698327123527000_2680994236414484153_n.jpg'><img loading=\"lazy\" decoding=\"async\" width=\"150\" height=\"150\" src=\"https:\/\/www.rivera.gub.uy\/medioambiente\/wp-content\/uploads\/2021\/06\/203301339_4698327123527000_2680994236414484153_n-150x150.jpg\" class=\"attachment-thumbnail size-thumbnail\" alt=\"\" \/><\/a>\n\t\t\t<\/div><\/figure><figure class='gallery-item'>\n\t\t\t<div class='gallery-icon portrait'>\n\t\t\t\t<a href='https:\/\/www.rivera.gub.uy\/medioambiente\/wp-content\/uploads\/2021\/06\/204501282_4698327786860267_2739610050461886681_n.jpg'><img loading=\"lazy\" decoding=\"async\" width=\"150\" height=\"150\" src=\"https:\/\/www.rivera.gub.uy\/medioambiente\/wp-content\/uploads\/2021\/06\/204501282_4698327786860267_2739610050461886681_n-150x150.jpg\" class=\"attachment-thumbnail size-thumbnail\" alt=\"\" \/><\/a>\n\t\t\t<\/div><\/figure><figure class='gallery-item'>\n\t\t\t<div class='gallery-icon portrait'>\n\t\t\t\t<a href='https:\/\/www.rivera.gub.uy\/medioambiente\/wp-content\/uploads\/2021\/06\/205668197_4698327320193647_2849666551952630921_n.jpg'><img loading=\"lazy\" decoding=\"async\" width=\"150\" height=\"150\" src=\"https:\/\/www.rivera.gub.uy\/medioambiente\/wp-content\/uploads\/2021\/06\/205668197_4698327320193647_2849666551952630921_n-150x150.jpg\" class=\"attachment-thumbnail size-thumbnail\" alt=\"\" \/><\/a>\n\t\t\t<\/div><\/figure><figure class='gallery-item'>\n\t\t\t<div class='gallery-icon portrait'>\n\t\t\t\t<a href='https:\/\/www.rivera.gub.uy\/medioambiente\/wp-content\/uploads\/2021\/06\/205963447_4698327676860278_5209338612405500790_n.jpg'><img loading=\"lazy\" decoding=\"async\" width=\"150\" height=\"150\" src=\"https:\/\/www.rivera.gub.uy\/medioambiente\/wp-content\/uploads\/2021\/06\/205963447_4698327676860278_5209338612405500790_n-150x150.jpg\" class=\"attachment-thumbnail size-thumbnail\" alt=\"\" \/><\/a>\n\t\t\t<\/div><\/figure>\n\t\t<\/div>\n\n","protected":false},"excerpt":{"rendered":"<p>Equipos de la Direcci\u00f3n General de Desarrollo y Medio Ambiente realizaron una limpieza conjunta en Curticeiras, que incluy\u00f3 limpieza de cunetas, poda de laterales, recolecci\u00f3n de ramas, desinfecci\u00f3n y levante de residuos. La jornada, de la que participaron los nuevos funcionarios ingresados a trav\u00e9s del programa Oportunidad Laboral, cont\u00f3 tambi\u00e9n con el apoyo de vecinos [&hellip;]<\/p>\n","protected":false},"author":2,"featured_media":2248,"comment_status":"open","ping_status":"open","sticky":false,"template":"","format":"standard","meta":{"footnotes":""},"categories":[1],"tags":[],"_links":{"self":[{"href":"https:\/\/www.rivera.gub.uy\/medioambiente\/wp-json\/wp\/v2\/posts\/2239"}],"collection":[{"href":"https:\/\/www.rivera.gub.uy\/medioambiente\/wp-json\/wp\/v2\/posts"}],"about":[{"href":"https:\/\/www.rivera.gub.uy\/medioambiente\/wp-json\/wp\/v2\/types\/post"}],"author":[{"embeddable":true,"href":"https:\/\/www.rivera.gub.uy\/medioambiente\/wp-json\/wp\/v2\/users\/2"}],"replies":[{"embeddable":true,"href":"https:\/\/www.rivera.gub.uy\/medioambiente\/wp-json\/wp\/v2\/comments?post=2239"}],"version-history":[{"count":3,"href":"https:\/\/www.rivera.gub.uy\/medioambiente\/wp-json\/wp\/v2\/posts\/2239\/revisions"}],"predecessor-version":[{"id":2247,"href":"https:\/\/www.rivera.gub.uy\/medioambiente\/wp-json\/wp\/v2\/posts\/2239\/revisions\/2247"}],"wp:featuredmedia":[{"embeddable":true,"href":"https:\/\/www.rivera.gub.uy\/medioambiente\/wp-json\/wp\/v2\/media\/2248"}],"wp:attachment":[{"href":"https:\/\/www.rivera.gub.uy\/medioambiente\/wp-json\/wp\/v2\/media?parent=2239"}],"wp:term":[{"taxonomy":"category","embeddable":true,"href":"https:\/\/www.rivera.gub.uy\/medioambiente\/wp-json\/wp\/v2\/categories?post=2239"},{"taxonomy":"post_tag","embeddable":true,"href":"https:\/\/www.rivera.gub.uy\/medioambiente\/wp-json\/wp\/v2\/tags?post=2239"}],"curies":[{"name":"wp","href":"https:\/\/api.w.org\/{rel}","templated":true}]}}