{"id":2249,"date":"2021-06-25T16:47:00","date_gmt":"2021-06-25T16:47:00","guid":{"rendered":"https:\/\/www.rivera.gub.uy\/medioambiente\/?p=2249"},"modified":"2021-06-25T16:47:04","modified_gmt":"2021-06-25T16:47:04","slug":"ciclo-de-apoyo-a-mipymes-del-sector-turistico","status":"publish","type":"post","link":"https:\/\/www.rivera.gub.uy\/medioambiente\/ciclo-de-apoyo-a-mipymes-del-sector-turistico\/","title":{"rendered":"Ciclo de apoyo a Mipymes del sector tur\u00edstico"},"content":{"rendered":"<p>El sector se prepara para la inminente actividad que se retoma<\/p>\n<p>D\u00edas 22 y 23 de junio se llev\u00f3 a cabo el Taller de Estrategia Comercial enfocada al Turismo en ACIR v\u00eda ZOOM para 14 emprendedores del departamento de Rivera.<!--more--><\/p>\n<p>Dicho taller est\u00e1 comprendido en el \u201cProyecto Potenciando una Cultura Tur\u00edstica responsable en la Frontera Rivera \u2013 Livramento\u201d que lo viene ejecutando la Divisi\u00f3n Estrategias y Articulaciones Regionales (DEAR) de la Direcci\u00f3n General de Desarrollo y Medio Ambiente de la Intendencia Departamental Rivera.<\/p>\n<p>Proyecto financiado por ANDE, Congreso de Intendentes, Intendencia de Rivera y Uni\u00f3n Europea con el apoyo de UTEC, MINTUR, CCE, ACIR y SEBRAE.<\/p>\n","protected":false},"excerpt":{"rendered":"<p>El sector se prepara para la inminente actividad que se retoma D\u00edas 22 y 23 de junio se llev\u00f3 a cabo el Taller de Estrategia Comercial enfocada al Turismo en ACIR v\u00eda ZOOM para 14 emprendedores del departamento de Rivera.<\/p>\n","protected":false},"author":2,"featured_media":2250,"comment_status":"open","ping_status":"open","sticky":false,"template":"","format":"standard","meta":{"footnotes":""},"categories":[1],"tags":[153,82,16,17],"_links":{"self":[{"href":"https:\/\/www.rivera.gub.uy\/medioambiente\/wp-json\/wp\/v2\/posts\/2249"}],"collection":[{"href":"https:\/\/www.rivera.gub.uy\/medioambiente\/wp-json\/wp\/v2\/posts"}],"about":[{"href":"https:\/\/www.rivera.gub.uy\/medioambiente\/wp-json\/wp\/v2\/types\/post"}],"author":[{"embeddable":true,"href":"https:\/\/www.rivera.gub.uy\/medioambiente\/wp-json\/wp\/v2\/users\/2"}],"replies":[{"embeddable":true,"href":"https:\/\/www.rivera.gub.uy\/medioambiente\/wp-json\/wp\/v2\/comments?post=2249"}],"version-history":[{"count":1,"href":"https:\/\/www.rivera.gub.uy\/medioambiente\/wp-json\/wp\/v2\/posts\/2249\/revisions"}],"predecessor-version":[{"id":2251,"href":"https:\/\/www.rivera.gub.uy\/medioambiente\/wp-json\/wp\/v2\/posts\/2249\/revisions\/2251"}],"wp:featuredmedia":[{"embeddable":true,"href":"https:\/\/www.rivera.gub.uy\/medioambiente\/wp-json\/wp\/v2\/media\/2250"}],"wp:attachment":[{"href":"https:\/\/www.rivera.gub.uy\/medioambiente\/wp-json\/wp\/v2\/media?parent=2249"}],"wp:term":[{"taxonomy":"category","embeddable":true,"href":"https:\/\/www.rivera.gub.uy\/medioambiente\/wp-json\/wp\/v2\/categories?post=2249"},{"taxonomy":"post_tag","embeddable":true,"href":"https:\/\/www.rivera.gub.uy\/medioambiente\/wp-json\/wp\/v2\/tags?post=2249"}],"curies":[{"name":"wp","href":"https:\/\/api.w.org\/{rel}","templated":true}]}}