{"id":2262,"date":"2021-07-12T16:40:24","date_gmt":"2021-07-12T16:40:24","guid":{"rendered":"https:\/\/www.rivera.gub.uy\/medioambiente\/?p=2262"},"modified":"2021-07-12T16:40:24","modified_gmt":"2021-07-12T16:40:24","slug":"taller-rivera-livramento-como-frontera-universitaria-desafios-y-fortalezas","status":"publish","type":"post","link":"https:\/\/www.rivera.gub.uy\/medioambiente\/taller-rivera-livramento-como-frontera-universitaria-desafios-y-fortalezas\/","title":{"rendered":"Taller \u201cRivera-Livramento como frontera universitaria: desaf\u00edos y fortalezas\u201d"},"content":{"rendered":"<p>La frontera palpita en clave de ciudad universitaria<\/p>\n<p>El pasado viernes 9 de Julio en el Sal\u00f3n de Actos de la Intendencia Departamental de Rivera se llev\u00f3 a cabo el taller Rivera-Livramento como frontera universitaria: desaf\u00edos y fortalezas. Esta iniciativa fue financiada por la Agencia Nacional de Desarrollo (ANDE) y organizada de forma conjunta por la Secretar\u00eda Binacional de la Educaci\u00f3n y la Divisi\u00f3n de Estrategias de la IDR tiene por objetivo comenzar a identificar cu\u00e1les son los obst\u00e1culos, fortalezas y desaf\u00edos que tenemos como ciudades binacionales para poder hacer de Rivera y Livramento una ciudad universitaria de gran porte.<!--more--><\/p>\n<p>El taller fue conducido por el equipo de la Universidad Cat\u00f3lica dirigido por el Prof. Emilio Silva y cont\u00f3 con la participaci\u00f3n de Universidades de Uruguay y Brasil ya instaladas en la frontera, centros de formaci\u00f3n docente como el CeRP, gobiernos departamentales, representantes de las c\u00e1maras inmobiliarias de Rivera y Livramento como tambi\u00e9n representantes de la Asociaci\u00f3n Comercial de Rivera.<\/p>\n<p>En los pr\u00f3ximos d\u00edas se estar\u00e1n dando a conocer los resultados de este fruct\u00edfero taller que como mencion\u00e1bamos anteriormente tiene como principal objetivo comenzar a pensar la frontera como una verdadera ciudad universitaria que promueva el desarrollo de nuestro territorio.<\/p>\n<div id='gallery-1' class='gallery galleryid-2262 gallery-columns-2 gallery-size-thumbnail'><figure class='gallery-item'>\n\t\t\t<div class='gallery-icon landscape'>\n\t\t\t\t<a href='https:\/\/www.rivera.gub.uy\/medioambiente\/wp-content\/uploads\/2021\/07\/taller-cadena-educacion-foto-1.jpeg'><img loading=\"lazy\" decoding=\"async\" width=\"150\" height=\"150\" src=\"https:\/\/www.rivera.gub.uy\/medioambiente\/wp-content\/uploads\/2021\/07\/taller-cadena-educacion-foto-1-150x150.jpeg\" class=\"attachment-thumbnail size-thumbnail\" alt=\"\" \/><\/a>\n\t\t\t<\/div><\/figure><figure class='gallery-item'>\n\t\t\t<div class='gallery-icon landscape'>\n\t\t\t\t<a href='https:\/\/www.rivera.gub.uy\/medioambiente\/wp-content\/uploads\/2021\/07\/taller-cadena-educacion-foto-2.jpeg'><img loading=\"lazy\" decoding=\"async\" width=\"150\" height=\"150\" src=\"https:\/\/www.rivera.gub.uy\/medioambiente\/wp-content\/uploads\/2021\/07\/taller-cadena-educacion-foto-2-150x150.jpeg\" class=\"attachment-thumbnail size-thumbnail\" alt=\"\" \/><\/a>\n\t\t\t<\/div><\/figure>\n\t\t<\/div>\n\n","protected":false},"excerpt":{"rendered":"<p>La frontera palpita en clave de ciudad universitaria El pasado viernes 9 de Julio en el Sal\u00f3n de Actos de la Intendencia Departamental de Rivera se llev\u00f3 a cabo el taller Rivera-Livramento como frontera universitaria: desaf\u00edos y fortalezas. Esta iniciativa fue financiada por la Agencia Nacional de Desarrollo (ANDE) y organizada de forma conjunta por [&hellip;]<\/p>\n","protected":false},"author":2,"featured_media":2264,"comment_status":"open","ping_status":"open","sticky":false,"template":"","format":"standard","meta":{"footnotes":""},"categories":[1],"tags":[],"_links":{"self":[{"href":"https:\/\/www.rivera.gub.uy\/medioambiente\/wp-json\/wp\/v2\/posts\/2262"}],"collection":[{"href":"https:\/\/www.rivera.gub.uy\/medioambiente\/wp-json\/wp\/v2\/posts"}],"about":[{"href":"https:\/\/www.rivera.gub.uy\/medioambiente\/wp-json\/wp\/v2\/types\/post"}],"author":[{"embeddable":true,"href":"https:\/\/www.rivera.gub.uy\/medioambiente\/wp-json\/wp\/v2\/users\/2"}],"replies":[{"embeddable":true,"href":"https:\/\/www.rivera.gub.uy\/medioambiente\/wp-json\/wp\/v2\/comments?post=2262"}],"version-history":[{"count":1,"href":"https:\/\/www.rivera.gub.uy\/medioambiente\/wp-json\/wp\/v2\/posts\/2262\/revisions"}],"predecessor-version":[{"id":2265,"href":"https:\/\/www.rivera.gub.uy\/medioambiente\/wp-json\/wp\/v2\/posts\/2262\/revisions\/2265"}],"wp:featuredmedia":[{"embeddable":true,"href":"https:\/\/www.rivera.gub.uy\/medioambiente\/wp-json\/wp\/v2\/media\/2264"}],"wp:attachment":[{"href":"https:\/\/www.rivera.gub.uy\/medioambiente\/wp-json\/wp\/v2\/media?parent=2262"}],"wp:term":[{"taxonomy":"category","embeddable":true,"href":"https:\/\/www.rivera.gub.uy\/medioambiente\/wp-json\/wp\/v2\/categories?post=2262"},{"taxonomy":"post_tag","embeddable":true,"href":"https:\/\/www.rivera.gub.uy\/medioambiente\/wp-json\/wp\/v2\/tags?post=2262"}],"curies":[{"name":"wp","href":"https:\/\/api.w.org\/{rel}","templated":true}]}}