{"id":2266,"date":"2021-07-14T13:23:08","date_gmt":"2021-07-14T13:23:08","guid":{"rendered":"https:\/\/www.rivera.gub.uy\/medioambiente\/?p=2266"},"modified":"2021-07-14T13:29:19","modified_gmt":"2021-07-14T13:29:19","slug":"julio-mes-de-la-afrodescendencia-2","status":"publish","type":"post","link":"https:\/\/www.rivera.gub.uy\/medioambiente\/julio-mes-de-la-afrodescendencia-2\/","title":{"rendered":"Julio, mes de la AFRODESCENDENCIA"},"content":{"rendered":"<p>El Decenio Internacional para los Afrodescendientes fue proclamado por la Asamblea General de las Naciones Unidas el 23 de diciembre de 2013. El per\u00edodo de celebraci\u00f3n comenz\u00f3 el 1\u00ba de enero de 2015 y terminar\u00e1 el 31 de diciembre de 2024, bajo el lema \u201cAfrodescendientes: reconocimiento, justicia y desarrollo\u201d. Establece la necesidad de fortalecer la cooperaci\u00f3n nacional, regional e internacional en relaci\u00f3n con el pleno disfrute de los derechos econ\u00f3micos, sociales, civiles y pol\u00edticos de las personas de ascendencia africana, y su plena e igualitaria participaci\u00f3n en todos los aspectos de la sociedad. <!--more--><\/p>\n<p>Se escogi\u00f3 Julio como Mes de la Afrodescendencia con motivo de la resignificaci\u00f3n y reafirmaci\u00f3n de fechas ya instaladas en la agenda nacional como son el d\u00eda Internacional de Nelson Mandela (18 de julio) y la conmemoraci\u00f3n hist\u00f3rica del d\u00eda Internacional de la mujer afrolatinoamericana, caribe\u00f1a y de la di\u00e1spora (25 de julio).<\/p>\n<p>Al d\u00eda de hoy, la poblaci\u00f3n Afro-uruguaya en el territorio nacional ronda las 300 mil personas, de las cuales, los departamentos del norte y especialmente los fronterizos con Brasil, constituyen los con mayor densidad. La poblaci\u00f3n afrodescendiente del departamento de Rivera ronda entre el 17% y el 23% (censo INE, 2011).<\/p>\n<p>Es responsabilidad y obligaci\u00f3n del Estado a trav\u00e9s de las instituciones, generar reformas sociales, culturales y econ\u00f3micas, que incorporen la dimensi\u00f3n \u00e9tnica racial afrodescendiente, de pueblos originarios y poblaciones migrantes, entre otras, para poder equiparar y revertir los efectos da\u00f1inos del racismo y la discriminaci\u00f3n racial.<\/p>\n","protected":false},"excerpt":{"rendered":"<p>El Decenio Internacional para los Afrodescendientes fue proclamado por la Asamblea General de las Naciones Unidas el 23 de diciembre de 2013. El per\u00edodo de celebraci\u00f3n comenz\u00f3 el 1\u00ba de enero de 2015 y terminar\u00e1 el 31 de diciembre de 2024, bajo el lema \u201cAfrodescendientes: reconocimiento, justicia y desarrollo\u201d. Establece la necesidad de fortalecer la [&hellip;]<\/p>\n","protected":false},"author":2,"featured_media":2267,"comment_status":"open","ping_status":"open","sticky":false,"template":"","format":"standard","meta":{"footnotes":""},"categories":[1],"tags":[],"_links":{"self":[{"href":"https:\/\/www.rivera.gub.uy\/medioambiente\/wp-json\/wp\/v2\/posts\/2266"}],"collection":[{"href":"https:\/\/www.rivera.gub.uy\/medioambiente\/wp-json\/wp\/v2\/posts"}],"about":[{"href":"https:\/\/www.rivera.gub.uy\/medioambiente\/wp-json\/wp\/v2\/types\/post"}],"author":[{"embeddable":true,"href":"https:\/\/www.rivera.gub.uy\/medioambiente\/wp-json\/wp\/v2\/users\/2"}],"replies":[{"embeddable":true,"href":"https:\/\/www.rivera.gub.uy\/medioambiente\/wp-json\/wp\/v2\/comments?post=2266"}],"version-history":[{"count":1,"href":"https:\/\/www.rivera.gub.uy\/medioambiente\/wp-json\/wp\/v2\/posts\/2266\/revisions"}],"predecessor-version":[{"id":2268,"href":"https:\/\/www.rivera.gub.uy\/medioambiente\/wp-json\/wp\/v2\/posts\/2266\/revisions\/2268"}],"wp:featuredmedia":[{"embeddable":true,"href":"https:\/\/www.rivera.gub.uy\/medioambiente\/wp-json\/wp\/v2\/media\/2267"}],"wp:attachment":[{"href":"https:\/\/www.rivera.gub.uy\/medioambiente\/wp-json\/wp\/v2\/media?parent=2266"}],"wp:term":[{"taxonomy":"category","embeddable":true,"href":"https:\/\/www.rivera.gub.uy\/medioambiente\/wp-json\/wp\/v2\/categories?post=2266"},{"taxonomy":"post_tag","embeddable":true,"href":"https:\/\/www.rivera.gub.uy\/medioambiente\/wp-json\/wp\/v2\/tags?post=2266"}],"curies":[{"name":"wp","href":"https:\/\/api.w.org\/{rel}","templated":true}]}}