{"id":2269,"date":"2021-07-19T18:34:34","date_gmt":"2021-07-19T18:34:34","guid":{"rendered":"https:\/\/www.rivera.gub.uy\/medioambiente\/?p=2269"},"modified":"2021-07-23T17:36:30","modified_gmt":"2021-07-23T17:36:30","slug":"situacion-de-la-mujer-afro-fronteriza-en-el-marco-de-la-pandemia-covid-19","status":"publish","type":"post","link":"https:\/\/www.rivera.gub.uy\/medioambiente\/situacion-de-la-mujer-afro-fronteriza-en-el-marco-de-la-pandemia-covid-19\/","title":{"rendered":"Situaci\u00f3n de la Mujer Afro fronteriza en el marco de la pandemia Covid-19"},"content":{"rendered":"<p>La Intendencia Departamental de Rivera, a trav\u00e9s de la oficina de Inclusi\u00f3n Social, invita a participar del di\u00e1logo: <strong>\u00abSituaci\u00f3n de la Mujer Afro fronteriza en el marco de la pandemia Covid-19\u00bb<\/strong> a realizarse en forma virtual el d\u00eda martes 27 de julio, de 10:00 a 12:30 (hora Uruguay). <!--more--><\/p>\n<p>Este evento se realiza en el marco del <strong>Mes de la Afrodescendencia<\/strong> y el <strong>Dia Internacional de la Mujer Afrolatinoamericana, Caribe\u00f1a y de la Di\u00e1spora<\/strong>.<\/p>\n<p>Los interesados deber\u00e1n inscribirse en el siguiente <a href=\"https:\/\/docs.google.com\/forms\/d\/e\/1FAIpQLSfK2WzXsNHUbAJvAj9V88CWzNc9y4n1Px5mv1aALSSP_GJI0g\/viewform?usp=sf_link\" target=\"_blank\" rel=\"noopener noreferrer\">formulario (click aqu\u00ed)<\/a>.<\/p>\n<p>&nbsp;<\/p>\n<p><a href=\"https:\/\/www.rivera.gub.uy\/medioambiente\/wp-content\/uploads\/2021\/07\/cronograma-inclusion_Mesa-de-trabajo-1.jpg\"><img loading=\"lazy\" decoding=\"async\" class=\"aligncenter wp-image-2285 size-medium\" src=\"https:\/\/www.rivera.gub.uy\/medioambiente\/wp-content\/uploads\/2021\/07\/cronograma-inclusion_Mesa-de-trabajo-1-182x300.jpg\" alt=\"\" width=\"182\" height=\"300\" srcset=\"https:\/\/www.rivera.gub.uy\/medioambiente\/wp-content\/uploads\/2021\/07\/cronograma-inclusion_Mesa-de-trabajo-1-182x300.jpg 182w, https:\/\/www.rivera.gub.uy\/medioambiente\/wp-content\/uploads\/2021\/07\/cronograma-inclusion_Mesa-de-trabajo-1-622x1024.jpg 622w, https:\/\/www.rivera.gub.uy\/medioambiente\/wp-content\/uploads\/2021\/07\/cronograma-inclusion_Mesa-de-trabajo-1-768x1264.jpg 768w, https:\/\/www.rivera.gub.uy\/medioambiente\/wp-content\/uploads\/2021\/07\/cronograma-inclusion_Mesa-de-trabajo-1-933x1536.jpg 933w, https:\/\/www.rivera.gub.uy\/medioambiente\/wp-content\/uploads\/2021\/07\/cronograma-inclusion_Mesa-de-trabajo-1-1244x2048.jpg 1244w, https:\/\/www.rivera.gub.uy\/medioambiente\/wp-content\/uploads\/2021\/07\/cronograma-inclusion_Mesa-de-trabajo-1-820x1350.jpg 820w, https:\/\/www.rivera.gub.uy\/medioambiente\/wp-content\/uploads\/2021\/07\/cronograma-inclusion_Mesa-de-trabajo-1.jpg 1272w\" sizes=\"(max-width: 182px) 100vw, 182px\" \/><\/a><\/p>\n","protected":false},"excerpt":{"rendered":"<p>La Intendencia Departamental de Rivera, a trav\u00e9s de la oficina de Inclusi\u00f3n Social, invita a participar del di\u00e1logo: \u00abSituaci\u00f3n de la Mujer Afro fronteriza en el marco de la pandemia Covid-19\u00bb a realizarse en forma virtual el d\u00eda martes 27 de julio, de 10:00 a 12:30 (hora Uruguay).<\/p>\n","protected":false},"author":2,"featured_media":2273,"comment_status":"open","ping_status":"open","sticky":false,"template":"","format":"standard","meta":{"footnotes":""},"categories":[1],"tags":[],"_links":{"self":[{"href":"https:\/\/www.rivera.gub.uy\/medioambiente\/wp-json\/wp\/v2\/posts\/2269"}],"collection":[{"href":"https:\/\/www.rivera.gub.uy\/medioambiente\/wp-json\/wp\/v2\/posts"}],"about":[{"href":"https:\/\/www.rivera.gub.uy\/medioambiente\/wp-json\/wp\/v2\/types\/post"}],"author":[{"embeddable":true,"href":"https:\/\/www.rivera.gub.uy\/medioambiente\/wp-json\/wp\/v2\/users\/2"}],"replies":[{"embeddable":true,"href":"https:\/\/www.rivera.gub.uy\/medioambiente\/wp-json\/wp\/v2\/comments?post=2269"}],"version-history":[{"count":12,"href":"https:\/\/www.rivera.gub.uy\/medioambiente\/wp-json\/wp\/v2\/posts\/2269\/revisions"}],"predecessor-version":[{"id":2286,"href":"https:\/\/www.rivera.gub.uy\/medioambiente\/wp-json\/wp\/v2\/posts\/2269\/revisions\/2286"}],"wp:featuredmedia":[{"embeddable":true,"href":"https:\/\/www.rivera.gub.uy\/medioambiente\/wp-json\/wp\/v2\/media\/2273"}],"wp:attachment":[{"href":"https:\/\/www.rivera.gub.uy\/medioambiente\/wp-json\/wp\/v2\/media?parent=2269"}],"wp:term":[{"taxonomy":"category","embeddable":true,"href":"https:\/\/www.rivera.gub.uy\/medioambiente\/wp-json\/wp\/v2\/categories?post=2269"},{"taxonomy":"post_tag","embeddable":true,"href":"https:\/\/www.rivera.gub.uy\/medioambiente\/wp-json\/wp\/v2\/tags?post=2269"}],"curies":[{"name":"wp","href":"https:\/\/api.w.org\/{rel}","templated":true}]}}