{"id":2332,"date":"2021-08-31T18:10:15","date_gmt":"2021-08-31T18:10:15","guid":{"rendered":"https:\/\/www.rivera.gub.uy\/medioambiente\/?p=2332"},"modified":"2021-08-31T18:12:48","modified_gmt":"2021-08-31T18:12:48","slug":"frontera-inteligente","status":"publish","type":"post","link":"https:\/\/www.rivera.gub.uy\/medioambiente\/frontera-inteligente\/","title":{"rendered":"Frontera inteligente"},"content":{"rendered":"<p>La Intendencia Departamental Rivera (IDR), junto a la Universidad Tecnol\u00f3gica del Uruguay (UTEC), a la Asociaci\u00f3n Comercial e Industrial de Rivera (ACIR) y en alianza con los actores del \u00c1REBA B &#8211; Ecosistema Binacional de Innovaci\u00f3n, convoca a la comunidad al lanzamiento del Desaf\u00edo Frontera Inteligente.<!--more--><\/p>\n<p>El DESAFIO FRONTERA INTELIGENTE busca sensibilizar a la comunidad sobre c\u00f3mo hacer de la frontera Rivera y Livramento un lugar m\u00e1s conectado con las personas y atractivo para vivir, aprender, trabajar y divertirse. En base al concepto de Ciudades Inteligentes se desarrollar\u00e1n una serie de procesos que pretenden despertar el sentido de responsabilidad por la resoluci\u00f3n de los problemas reales enfrentados en la frontera.<\/p>\n<p>El lanzamiento ser\u00e1 virtual, en formato webinar y contar\u00e1 con charla de Ing. Cristina Zubillaga, especialista en desarrollo sostenible y ciudades inteligentes presentando \u00abModelo conceptual de ciudades inteligentes y sostenibles\u00bb.<\/p>\n<p>El proyecto cuenta con financiaci\u00f3n de la Agencia Nacional de Desarrollo (ANDE).<\/p>\n<p>Lanzamiento 1\u00ba Desaf\u00edo Frontera Inteligente, Jueves 2\/09\/2021.<br \/>\nLink de acceso: <a href=\"http:\/\/bit.ly\/YouTubeUTEC\" target=\"_blank\" rel=\"noopener noreferrer\">http:\/\/bit.ly\/YouTubeUTEC<\/a><\/p>\n","protected":false},"excerpt":{"rendered":"<p>La Intendencia Departamental Rivera (IDR), junto a la Universidad Tecnol\u00f3gica del Uruguay (UTEC), a la Asociaci\u00f3n Comercial e Industrial de Rivera (ACIR) y en alianza con los actores del \u00c1REBA B &#8211; Ecosistema Binacional de Innovaci\u00f3n, convoca a la comunidad al lanzamiento del Desaf\u00edo Frontera Inteligente.<\/p>\n","protected":false},"author":2,"featured_media":2333,"comment_status":"open","ping_status":"open","sticky":false,"template":"","format":"standard","meta":{"footnotes":""},"categories":[1],"tags":[94,157,141,17],"_links":{"self":[{"href":"https:\/\/www.rivera.gub.uy\/medioambiente\/wp-json\/wp\/v2\/posts\/2332"}],"collection":[{"href":"https:\/\/www.rivera.gub.uy\/medioambiente\/wp-json\/wp\/v2\/posts"}],"about":[{"href":"https:\/\/www.rivera.gub.uy\/medioambiente\/wp-json\/wp\/v2\/types\/post"}],"author":[{"embeddable":true,"href":"https:\/\/www.rivera.gub.uy\/medioambiente\/wp-json\/wp\/v2\/users\/2"}],"replies":[{"embeddable":true,"href":"https:\/\/www.rivera.gub.uy\/medioambiente\/wp-json\/wp\/v2\/comments?post=2332"}],"version-history":[{"count":2,"href":"https:\/\/www.rivera.gub.uy\/medioambiente\/wp-json\/wp\/v2\/posts\/2332\/revisions"}],"predecessor-version":[{"id":2335,"href":"https:\/\/www.rivera.gub.uy\/medioambiente\/wp-json\/wp\/v2\/posts\/2332\/revisions\/2335"}],"wp:featuredmedia":[{"embeddable":true,"href":"https:\/\/www.rivera.gub.uy\/medioambiente\/wp-json\/wp\/v2\/media\/2333"}],"wp:attachment":[{"href":"https:\/\/www.rivera.gub.uy\/medioambiente\/wp-json\/wp\/v2\/media?parent=2332"}],"wp:term":[{"taxonomy":"category","embeddable":true,"href":"https:\/\/www.rivera.gub.uy\/medioambiente\/wp-json\/wp\/v2\/categories?post=2332"},{"taxonomy":"post_tag","embeddable":true,"href":"https:\/\/www.rivera.gub.uy\/medioambiente\/wp-json\/wp\/v2\/tags?post=2332"}],"curies":[{"name":"wp","href":"https:\/\/api.w.org\/{rel}","templated":true}]}}