{"id":2339,"date":"2021-09-07T18:09:02","date_gmt":"2021-09-07T18:09:02","guid":{"rendered":"https:\/\/www.rivera.gub.uy\/medioambiente\/?p=2339"},"modified":"2021-09-07T18:09:51","modified_gmt":"2021-09-07T18:09:51","slug":"llamado-a-emprendimientos-productivos","status":"publish","type":"post","link":"https:\/\/www.rivera.gub.uy\/medioambiente\/llamado-a-emprendimientos-productivos\/","title":{"rendered":"Llamado a Emprendimientos Productivos"},"content":{"rendered":"<p style=\"font-weight: 400;\">Este 15 de setiembre cierra el llamado a <a href=\"https:\/\/www.rivera.gub.uy\/portal\/una-apuesta-al-emprendimiento-productivo\/\">Emprendimientos Productivos 2021<\/a>.<!--more--><\/p>\n<p style=\"font-weight: 400;\">\u00abEmprendimientos Productivos\u00bb apunta a peque\u00f1os emprendedores que est\u00e9n en situaci\u00f3n de vulnerabilidad socioecon\u00f3mica, con antig\u00fcedad m\u00ednima de 6 meses en el emprendimiento y deben estar comercializando sus productos o servicios en el mercado.<\/p>\n<p style=\"font-weight: 400;\">Con el presente llamado se estima apoyar a 40 peque\u00f1os emprendedores del departamento. Adem\u00e1s, los beneficiarios contar\u00e1n con asistencia t\u00e9cnico financiera para su emprendimiento.<\/p>\n<p style=\"font-weight: 400;\">Por consultas:<\/p>\n<p style=\"font-weight: 400;\">Intendencia Departamental de Rivera, Oficina de Estrategias (Piso 1) Tel: 4623 1900 int. 129<\/p>\n<p style=\"font-weight: 400;\">Oficinas MIDES: Rivera tel 4622 7472, direcci\u00f3n Faustino Car\u00e1mbula 1113.<\/p>\n<p>&nbsp;<\/p>\n<p>Emprendimiento Productivo (<a href=\"https:\/\/www.rivera.gub.uy\/medioambiente\/wp-content\/uploads\/2021\/09\/Rivera-Emprendimientos-1.pdf\" target=\"_blank\" rel=\"noopener noreferrer\">descargar<\/a>)<\/p>\n","protected":false},"excerpt":{"rendered":"<p>Este 15 de setiembre cierra el llamado a Emprendimientos Productivos 2021.<\/p>\n","protected":false},"author":2,"featured_media":2341,"comment_status":"open","ping_status":"open","sticky":false,"template":"","format":"standard","meta":{"footnotes":""},"categories":[1],"tags":[120,16,17],"_links":{"self":[{"href":"https:\/\/www.rivera.gub.uy\/medioambiente\/wp-json\/wp\/v2\/posts\/2339"}],"collection":[{"href":"https:\/\/www.rivera.gub.uy\/medioambiente\/wp-json\/wp\/v2\/posts"}],"about":[{"href":"https:\/\/www.rivera.gub.uy\/medioambiente\/wp-json\/wp\/v2\/types\/post"}],"author":[{"embeddable":true,"href":"https:\/\/www.rivera.gub.uy\/medioambiente\/wp-json\/wp\/v2\/users\/2"}],"replies":[{"embeddable":true,"href":"https:\/\/www.rivera.gub.uy\/medioambiente\/wp-json\/wp\/v2\/comments?post=2339"}],"version-history":[{"count":3,"href":"https:\/\/www.rivera.gub.uy\/medioambiente\/wp-json\/wp\/v2\/posts\/2339\/revisions"}],"predecessor-version":[{"id":2344,"href":"https:\/\/www.rivera.gub.uy\/medioambiente\/wp-json\/wp\/v2\/posts\/2339\/revisions\/2344"}],"wp:featuredmedia":[{"embeddable":true,"href":"https:\/\/www.rivera.gub.uy\/medioambiente\/wp-json\/wp\/v2\/media\/2341"}],"wp:attachment":[{"href":"https:\/\/www.rivera.gub.uy\/medioambiente\/wp-json\/wp\/v2\/media?parent=2339"}],"wp:term":[{"taxonomy":"category","embeddable":true,"href":"https:\/\/www.rivera.gub.uy\/medioambiente\/wp-json\/wp\/v2\/categories?post=2339"},{"taxonomy":"post_tag","embeddable":true,"href":"https:\/\/www.rivera.gub.uy\/medioambiente\/wp-json\/wp\/v2\/tags?post=2339"}],"curies":[{"name":"wp","href":"https:\/\/api.w.org\/{rel}","templated":true}]}}