{"id":2347,"date":"2021-09-09T13:55:25","date_gmt":"2021-09-09T13:55:25","guid":{"rendered":"https:\/\/www.rivera.gub.uy\/medioambiente\/?p=2347"},"modified":"2021-09-09T13:56:43","modified_gmt":"2021-09-09T13:56:43","slug":"xv-edicion-de-la-premiacion-amanda-rorra-2021","status":"publish","type":"post","link":"https:\/\/www.rivera.gub.uy\/medioambiente\/xv-edicion-de-la-premiacion-amanda-rorra-2021\/","title":{"rendered":"XV edici\u00f3n de la Premiaci\u00f3n Amanda Rorra 2021"},"content":{"rendered":"<p>En conmemoraci\u00f3n del Primer Encuentro de Mujeres Afrodescendientes, celebrado en 1992 en Rep\u00fablica Dominicana, y del D\u00eda internacional de las mujeres afrodescendientes, afrocaribe\u00f1as y de la di\u00e1spora, el Instituto Nacional de las Mujeres lleva adelante la XV edici\u00f3n de la premiaci\u00f3n Amanda Rorra.<!--more--><\/p>\n<p>Esta es una acci\u00f3n enfocada al reconocimiento y visibilizaci\u00f3n del aporte sustancial que las mujeres afrouruguayas realizan desde las distintas \u00e1reas de su desarrollo, a la conformaci\u00f3n del pa\u00eds.<\/p>\n<p>Es un homenaje permanente a la Sra. Amanda Rorra (1924-2005), referente fundamental del movimiento afrouruguayo que se destac\u00f3 por su militancia activa por los derechos de las personas de su comunidad.<\/p>\n<p>En esta XV edici\u00f3n se buscar\u00e1 reconocer en particular; los aportes realizados por mujeres afrodescendientes que, desde diversas \u00e1reas, desarrollan acciones en el marco de la emergencia sanitaria por Covid &#8211; 19, y en general; a aquellas mujeres afrodescendientes que realizan aportes significativos a la deconstrucci\u00f3n de estereotipos \u00e9tnico raciales y de g\u00e9nero; a la incidencia pol\u00edtica; y al empoderamiento de las mujeres desde su espacio de desarrollo (comunitario, barrial, laboral, educativo, acad\u00e9mico).<\/p>\n<p>Por lo anterior, les invitamos a postular a mujeres afrodescendientes y\/o colectivos conformados por mujeres afrodescendientes que, desde sus distintos \u00e1mbitos y territorios, contribuyan a conformar una realidad m\u00e1s equitativa para el colectivo afrouruguayo, y as\u00ed, para toda la sociedad.<\/p>\n<p>El tribunal de evaluaci\u00f3n estar\u00e1 integrado por:<\/p>\n<ul>\n<li>Alejandrina Da Luz &#8211; Integrante de Di\u00e1logo pol\u00edtico de Mujeres AfroUruguayas.<\/li>\n<li>Beatriz Ram\u00edrez Abella &#8211; Asesora en etnia, raza, g\u00e9nero, diversidad sexual y migrantes del Municipio B.<\/li>\n<li>Gloria Rodr\u00edguez &#8211; Senadora de la Rep\u00fablica.<\/li>\n<li>M\u00f3nica Bottero &#8211; Directora del Instituto Nacional de las Mujeres del Ministerio de Desarrollo Social.<\/li>\n<li>Rosa M\u00e9ndez &#8211; Gerenta del \u00c1rea de Promoci\u00f3n Sociocultural del Ministerio de Desarrollo Social.<\/li>\n<\/ul>\n<p>Les invitamos a que realicen y env\u00eden sus postulaciones hasta el jueves 16 de Setiembre de 2021 completando el <a href=\"http:\/\/formularios.mides.gub.uy\/amanda-rorra-2021\" target=\"_blank\" rel=\"noopener noreferrer\">formulario (click aqu\u00ed)<\/a><br \/>\nImportante: No se evaluaran autopostulaciones.<br \/>\nPor consultas comunicarse al tel\u00e9fono: 24000302 interno 5031 y\/o al correo: <a href=\"mailto:ddm@mides.gub.uy\">ddm@mides.gub.uy<\/a><\/p>\n","protected":false},"excerpt":{"rendered":"<p>En conmemoraci\u00f3n del Primer Encuentro de Mujeres Afrodescendientes, celebrado en 1992 en Rep\u00fablica Dominicana, y del D\u00eda internacional de las mujeres afrodescendientes, afrocaribe\u00f1as y de la di\u00e1spora, el Instituto Nacional de las Mujeres lleva adelante la XV edici\u00f3n de la premiaci\u00f3n Amanda Rorra.<\/p>\n","protected":false},"author":2,"featured_media":2348,"comment_status":"open","ping_status":"open","sticky":false,"template":"","format":"standard","meta":{"footnotes":""},"categories":[1],"tags":[158,135,16],"_links":{"self":[{"href":"https:\/\/www.rivera.gub.uy\/medioambiente\/wp-json\/wp\/v2\/posts\/2347"}],"collection":[{"href":"https:\/\/www.rivera.gub.uy\/medioambiente\/wp-json\/wp\/v2\/posts"}],"about":[{"href":"https:\/\/www.rivera.gub.uy\/medioambiente\/wp-json\/wp\/v2\/types\/post"}],"author":[{"embeddable":true,"href":"https:\/\/www.rivera.gub.uy\/medioambiente\/wp-json\/wp\/v2\/users\/2"}],"replies":[{"embeddable":true,"href":"https:\/\/www.rivera.gub.uy\/medioambiente\/wp-json\/wp\/v2\/comments?post=2347"}],"version-history":[{"count":1,"href":"https:\/\/www.rivera.gub.uy\/medioambiente\/wp-json\/wp\/v2\/posts\/2347\/revisions"}],"predecessor-version":[{"id":2349,"href":"https:\/\/www.rivera.gub.uy\/medioambiente\/wp-json\/wp\/v2\/posts\/2347\/revisions\/2349"}],"wp:featuredmedia":[{"embeddable":true,"href":"https:\/\/www.rivera.gub.uy\/medioambiente\/wp-json\/wp\/v2\/media\/2348"}],"wp:attachment":[{"href":"https:\/\/www.rivera.gub.uy\/medioambiente\/wp-json\/wp\/v2\/media?parent=2347"}],"wp:term":[{"taxonomy":"category","embeddable":true,"href":"https:\/\/www.rivera.gub.uy\/medioambiente\/wp-json\/wp\/v2\/categories?post=2347"},{"taxonomy":"post_tag","embeddable":true,"href":"https:\/\/www.rivera.gub.uy\/medioambiente\/wp-json\/wp\/v2\/tags?post=2347"}],"curies":[{"name":"wp","href":"https:\/\/api.w.org\/{rel}","templated":true}]}}