{"id":2350,"date":"2021-09-13T16:26:26","date_gmt":"2021-09-13T16:26:26","guid":{"rendered":"https:\/\/www.rivera.gub.uy\/medioambiente\/?p=2350"},"modified":"2021-09-13T16:26:26","modified_gmt":"2021-09-13T16:26:26","slug":"incripciones-a-taller-en-carpinteria-y-taller-en-construccion-de-tambores","status":"publish","type":"post","link":"https:\/\/www.rivera.gub.uy\/medioambiente\/incripciones-a-taller-en-carpinteria-y-taller-en-construccion-de-tambores\/","title":{"rendered":"Incripciones a Taller en Carpinter\u00eda y Taller en Construcci\u00f3n de Tambores"},"content":{"rendered":"<p>El Proyecto Construcci\u00f3n de identidad y capacidades de la poblaci\u00f3n afrodescendiente de Rivera (Rivera pacta por la Inclusi\u00f3n) impulsado por O.P.P y gestionado por la I.D.R realiza llamado a interesados en postularse al Taller en Carpinter\u00eda y Taller en Construcci\u00f3n de Tambores.<!--more-->Inscripciones:<\/p>\n<ul>\n<li>En la I.D.R. (Oficina de Inclusi\u00f3n Social, 1er piso) de lunes a viernes en el horario de 9 a 14:45 hs.<\/li>\n<li>En el Club Cerro los lunes, martes y jueves de 14 a 16:45hs<\/li>\n<\/ul>\n<p>Destinado a todos los g\u00e9neros. C\u00e9dula de identidad vigente. Mayores de 18 a\u00f1os. Cupos limitados.<\/p>\n","protected":false},"excerpt":{"rendered":"<p>El Proyecto Construcci\u00f3n de identidad y capacidades de la poblaci\u00f3n afrodescendiente de Rivera (Rivera pacta por la Inclusi\u00f3n) impulsado por O.P.P y gestionado por la I.D.R realiza llamado a interesados en postularse al Taller en Carpinter\u00eda y Taller en Construcci\u00f3n de Tambores.<\/p>\n","protected":false},"author":2,"featured_media":2351,"comment_status":"open","ping_status":"open","sticky":false,"template":"","format":"standard","meta":{"footnotes":""},"categories":[1],"tags":[16,17],"_links":{"self":[{"href":"https:\/\/www.rivera.gub.uy\/medioambiente\/wp-json\/wp\/v2\/posts\/2350"}],"collection":[{"href":"https:\/\/www.rivera.gub.uy\/medioambiente\/wp-json\/wp\/v2\/posts"}],"about":[{"href":"https:\/\/www.rivera.gub.uy\/medioambiente\/wp-json\/wp\/v2\/types\/post"}],"author":[{"embeddable":true,"href":"https:\/\/www.rivera.gub.uy\/medioambiente\/wp-json\/wp\/v2\/users\/2"}],"replies":[{"embeddable":true,"href":"https:\/\/www.rivera.gub.uy\/medioambiente\/wp-json\/wp\/v2\/comments?post=2350"}],"version-history":[{"count":1,"href":"https:\/\/www.rivera.gub.uy\/medioambiente\/wp-json\/wp\/v2\/posts\/2350\/revisions"}],"predecessor-version":[{"id":2352,"href":"https:\/\/www.rivera.gub.uy\/medioambiente\/wp-json\/wp\/v2\/posts\/2350\/revisions\/2352"}],"wp:featuredmedia":[{"embeddable":true,"href":"https:\/\/www.rivera.gub.uy\/medioambiente\/wp-json\/wp\/v2\/media\/2351"}],"wp:attachment":[{"href":"https:\/\/www.rivera.gub.uy\/medioambiente\/wp-json\/wp\/v2\/media?parent=2350"}],"wp:term":[{"taxonomy":"category","embeddable":true,"href":"https:\/\/www.rivera.gub.uy\/medioambiente\/wp-json\/wp\/v2\/categories?post=2350"},{"taxonomy":"post_tag","embeddable":true,"href":"https:\/\/www.rivera.gub.uy\/medioambiente\/wp-json\/wp\/v2\/tags?post=2350"}],"curies":[{"name":"wp","href":"https:\/\/api.w.org\/{rel}","templated":true}]}}