{"id":2399,"date":"2021-11-20T15:00:41","date_gmt":"2021-11-20T15:00:41","guid":{"rendered":"https:\/\/www.rivera.gub.uy\/medioambiente\/?p=2399"},"modified":"2021-12-02T15:06:49","modified_gmt":"2021-12-02T15:06:49","slug":"entrega-de-carteleria-a-emprendedores-turisticos","status":"publish","type":"post","link":"https:\/\/www.rivera.gub.uy\/medioambiente\/entrega-de-carteleria-a-emprendedores-turisticos\/","title":{"rendered":"Entrega de Carteler\u00eda a emprendedores tur\u00edsticos"},"content":{"rendered":"<p>La Intendencia Departamental proyecto de Potenciando una Cultura Tur\u00edstica responsable en la frontera Rivera \/ Livramento. El mismo es financiado por la Agencia Nacional de Desarrollo (ANDE-Uruguay), Congreso de Intendentes (Uruguay) y Uni\u00f3n Europea y con apoyo del Ministerio de Turismo de Uruguay, Centros Pymes, Asociaci\u00f3n Comercial e Industrial de Rivera y Livramento, Universidad Tecnol\u00f3gica (UTEC) de Rivera (Uruguay), SEBRAE (Brasil) y Prefeitura de Santana do Livramento (Brasil).<!--more--><\/p>\n<p>El proyecto tiene como objetivo desarrollar acciones que fortalezcan la cadena de valor tur\u00edstica de la frontera, generando nuevas oportunidades para el sector<\/p>\n<p>Una de las actividades principales es el apoyo a emprendedores en la renovaci\u00f3n de Carteler\u00eda Tur\u00edstica. En esta ocasi\u00f3n Enrique Puentes, coordinador del proyecto y t\u00e9cnico de la Divisi\u00f3n Estrategias, Fabio Oca\u00f1o Director de Medio Ambiente de la Direcci\u00f3n General de Desarrollo y \u00c1lvaro Arm\u00faa director del \u00e1rea protegida, hicieron la entrega de 12 carteles a operadores tur\u00edsticos del Valle del Lunarejo y Olivos Castel Nuovo.<\/p>\n<div id='gallery-1' class='gallery galleryid-2399 gallery-columns-3 gallery-size-thumbnail'><figure class='gallery-item'>\n\t\t\t<div class='gallery-icon landscape'>\n\t\t\t\t<a href='https:\/\/www.rivera.gub.uy\/medioambiente\/wp-content\/uploads\/2021\/12\/3-epc.jpg'><img loading=\"lazy\" decoding=\"async\" width=\"150\" height=\"150\" src=\"https:\/\/www.rivera.gub.uy\/medioambiente\/wp-content\/uploads\/2021\/12\/3-epc-150x150.jpg\" class=\"attachment-thumbnail size-thumbnail\" alt=\"\" \/><\/a>\n\t\t\t<\/div><\/figure><figure class='gallery-item'>\n\t\t\t<div class='gallery-icon landscape'>\n\t\t\t\t<a href='https:\/\/www.rivera.gub.uy\/medioambiente\/wp-content\/uploads\/2021\/12\/2-epc.jpg'><img loading=\"lazy\" decoding=\"async\" width=\"150\" height=\"150\" src=\"https:\/\/www.rivera.gub.uy\/medioambiente\/wp-content\/uploads\/2021\/12\/2-epc-150x150.jpg\" class=\"attachment-thumbnail size-thumbnail\" alt=\"\" \/><\/a>\n\t\t\t<\/div><\/figure><figure class='gallery-item'>\n\t\t\t<div class='gallery-icon landscape'>\n\t\t\t\t<a href='https:\/\/www.rivera.gub.uy\/medioambiente\/wp-content\/uploads\/2021\/12\/1-epc.jpg'><img loading=\"lazy\" decoding=\"async\" width=\"150\" height=\"150\" src=\"https:\/\/www.rivera.gub.uy\/medioambiente\/wp-content\/uploads\/2021\/12\/1-epc-150x150.jpg\" class=\"attachment-thumbnail size-thumbnail\" alt=\"\" \/><\/a>\n\t\t\t<\/div><\/figure>\n\t\t<\/div>\n\n<p>0<\/p>\n","protected":false},"excerpt":{"rendered":"<p>La Intendencia Departamental proyecto de Potenciando una Cultura Tur\u00edstica responsable en la frontera Rivera \/ Livramento. El mismo es financiado por la Agencia Nacional de Desarrollo (ANDE-Uruguay), Congreso de Intendentes (Uruguay) y Uni\u00f3n Europea y con apoyo del Ministerio de Turismo de Uruguay, Centros Pymes, Asociaci\u00f3n Comercial e Industrial de Rivera y Livramento, Universidad Tecnol\u00f3gica [&hellip;]<\/p>\n","protected":false},"author":2,"featured_media":2400,"comment_status":"open","ping_status":"open","sticky":false,"template":"","format":"standard","meta":{"footnotes":""},"categories":[1],"tags":[],"_links":{"self":[{"href":"https:\/\/www.rivera.gub.uy\/medioambiente\/wp-json\/wp\/v2\/posts\/2399"}],"collection":[{"href":"https:\/\/www.rivera.gub.uy\/medioambiente\/wp-json\/wp\/v2\/posts"}],"about":[{"href":"https:\/\/www.rivera.gub.uy\/medioambiente\/wp-json\/wp\/v2\/types\/post"}],"author":[{"embeddable":true,"href":"https:\/\/www.rivera.gub.uy\/medioambiente\/wp-json\/wp\/v2\/users\/2"}],"replies":[{"embeddable":true,"href":"https:\/\/www.rivera.gub.uy\/medioambiente\/wp-json\/wp\/v2\/comments?post=2399"}],"version-history":[{"count":1,"href":"https:\/\/www.rivera.gub.uy\/medioambiente\/wp-json\/wp\/v2\/posts\/2399\/revisions"}],"predecessor-version":[{"id":2403,"href":"https:\/\/www.rivera.gub.uy\/medioambiente\/wp-json\/wp\/v2\/posts\/2399\/revisions\/2403"}],"wp:featuredmedia":[{"embeddable":true,"href":"https:\/\/www.rivera.gub.uy\/medioambiente\/wp-json\/wp\/v2\/media\/2400"}],"wp:attachment":[{"href":"https:\/\/www.rivera.gub.uy\/medioambiente\/wp-json\/wp\/v2\/media?parent=2399"}],"wp:term":[{"taxonomy":"category","embeddable":true,"href":"https:\/\/www.rivera.gub.uy\/medioambiente\/wp-json\/wp\/v2\/categories?post=2399"},{"taxonomy":"post_tag","embeddable":true,"href":"https:\/\/www.rivera.gub.uy\/medioambiente\/wp-json\/wp\/v2\/tags?post=2399"}],"curies":[{"name":"wp","href":"https:\/\/api.w.org\/{rel}","templated":true}]}}