{"id":2628,"date":"2022-01-26T17:48:31","date_gmt":"2022-01-26T17:48:31","guid":{"rendered":"https:\/\/www.rivera.gub.uy\/medioambiente\/?p=2628"},"modified":"2022-01-26T17:49:07","modified_gmt":"2022-01-26T17:49:07","slug":"programa-de-apoyo-integral-a-emprendedores-2022","status":"publish","type":"post","link":"https:\/\/www.rivera.gub.uy\/medioambiente\/programa-de-apoyo-integral-a-emprendedores-2022\/","title":{"rendered":"Programa de Apoyo Integral a Emprendedores 2022"},"content":{"rendered":"<p>El Centro Pyme de Rivera convoca a interesados, mayores de 18 a\u00f1os, a participar del \u00abPrograma de Apoyo Integral a Emprendedores\u00bb, que acompa\u00f1a al emprendedor desde la generaci\u00f3n de la idea hasta la puesta en marcha del emprendimiento. <!--more--><\/p>\n<p>Las inscripciones estar\u00e1n abiertas hasta el d\u00eda 18 de marzo de 2022.<\/p>\n<p>Los interesados pueden informarse en el Centro Pyme de Rivera (Monse\u00f1or Vera 1119), v\u00eda correo electr\u00f3nico (<a href=\"mailto:rivera@centros.uy\">rivera@centros.uy<\/a>) y a trav\u00e9s del <a href=\"tel:+598462337802\">4623 37802<\/a> o <a href=\"tel:+59892231677\">092 231 677<\/a>.<\/p>\n<p>&nbsp;<\/p>\n<div id='gallery-1' class='gallery galleryid-2628 gallery-columns-2 gallery-size-medium'><figure class='gallery-item'>\n\t\t\t<div class='gallery-icon portrait'>\n\t\t\t\t<a href='https:\/\/www.rivera.gub.uy\/medioambiente\/wp-content\/uploads\/2022\/01\/WhatsApp-Image-2022-01-26-at-11.04.32-AM.jpeg'><img loading=\"lazy\" decoding=\"async\" width=\"217\" height=\"300\" src=\"https:\/\/www.rivera.gub.uy\/medioambiente\/wp-content\/uploads\/2022\/01\/WhatsApp-Image-2022-01-26-at-11.04.32-AM-217x300.jpeg\" class=\"attachment-medium size-medium\" alt=\"\" srcset=\"https:\/\/www.rivera.gub.uy\/medioambiente\/wp-content\/uploads\/2022\/01\/WhatsApp-Image-2022-01-26-at-11.04.32-AM-217x300.jpeg 217w, https:\/\/www.rivera.gub.uy\/medioambiente\/wp-content\/uploads\/2022\/01\/WhatsApp-Image-2022-01-26-at-11.04.32-AM-739x1024.jpeg 739w, https:\/\/www.rivera.gub.uy\/medioambiente\/wp-content\/uploads\/2022\/01\/WhatsApp-Image-2022-01-26-at-11.04.32-AM-768x1064.jpeg 768w, https:\/\/www.rivera.gub.uy\/medioambiente\/wp-content\/uploads\/2022\/01\/WhatsApp-Image-2022-01-26-at-11.04.32-AM-820x1136.jpeg 820w, https:\/\/www.rivera.gub.uy\/medioambiente\/wp-content\/uploads\/2022\/01\/WhatsApp-Image-2022-01-26-at-11.04.32-AM.jpeg 826w\" sizes=\"(max-width: 217px) 100vw, 217px\" \/><\/a>\n\t\t\t<\/div><\/figure><figure class='gallery-item'>\n\t\t\t<div class='gallery-icon landscape'>\n\t\t\t\t<a href='https:\/\/www.rivera.gub.uy\/medioambiente\/wp-content\/uploads\/2022\/01\/WhatsApp-Image-2022-01-26-at-11.04.32-AM-1.jpeg'><img loading=\"lazy\" decoding=\"async\" width=\"300\" height=\"288\" src=\"https:\/\/www.rivera.gub.uy\/medioambiente\/wp-content\/uploads\/2022\/01\/WhatsApp-Image-2022-01-26-at-11.04.32-AM-1-300x288.jpeg\" class=\"attachment-medium size-medium\" alt=\"\" srcset=\"https:\/\/www.rivera.gub.uy\/medioambiente\/wp-content\/uploads\/2022\/01\/WhatsApp-Image-2022-01-26-at-11.04.32-AM-1-300x288.jpeg 300w, https:\/\/www.rivera.gub.uy\/medioambiente\/wp-content\/uploads\/2022\/01\/WhatsApp-Image-2022-01-26-at-11.04.32-AM-1-768x738.jpeg 768w, https:\/\/www.rivera.gub.uy\/medioambiente\/wp-content\/uploads\/2022\/01\/WhatsApp-Image-2022-01-26-at-11.04.32-AM-1-820x788.jpeg 820w, https:\/\/www.rivera.gub.uy\/medioambiente\/wp-content\/uploads\/2022\/01\/WhatsApp-Image-2022-01-26-at-11.04.32-AM-1.jpeg 827w\" sizes=\"(max-width: 300px) 100vw, 300px\" \/><\/a>\n\t\t\t<\/div><\/figure>\n\t\t<\/div>\n\n<p>&nbsp;<\/p>\n<p>&nbsp;<\/p>\n","protected":false},"excerpt":{"rendered":"<p>El Centro Pyme de Rivera convoca a interesados, mayores de 18 a\u00f1os, a participar del \u00abPrograma de Apoyo Integral a Emprendedores\u00bb, que acompa\u00f1a al emprendedor desde la generaci\u00f3n de la idea hasta la puesta en marcha del emprendimiento.<\/p>\n","protected":false},"author":2,"featured_media":2631,"comment_status":"open","ping_status":"open","sticky":false,"template":"","format":"standard","meta":{"footnotes":""},"categories":[1],"tags":[],"_links":{"self":[{"href":"https:\/\/www.rivera.gub.uy\/medioambiente\/wp-json\/wp\/v2\/posts\/2628"}],"collection":[{"href":"https:\/\/www.rivera.gub.uy\/medioambiente\/wp-json\/wp\/v2\/posts"}],"about":[{"href":"https:\/\/www.rivera.gub.uy\/medioambiente\/wp-json\/wp\/v2\/types\/post"}],"author":[{"embeddable":true,"href":"https:\/\/www.rivera.gub.uy\/medioambiente\/wp-json\/wp\/v2\/users\/2"}],"replies":[{"embeddable":true,"href":"https:\/\/www.rivera.gub.uy\/medioambiente\/wp-json\/wp\/v2\/comments?post=2628"}],"version-history":[{"count":1,"href":"https:\/\/www.rivera.gub.uy\/medioambiente\/wp-json\/wp\/v2\/posts\/2628\/revisions"}],"predecessor-version":[{"id":2632,"href":"https:\/\/www.rivera.gub.uy\/medioambiente\/wp-json\/wp\/v2\/posts\/2628\/revisions\/2632"}],"wp:featuredmedia":[{"embeddable":true,"href":"https:\/\/www.rivera.gub.uy\/medioambiente\/wp-json\/wp\/v2\/media\/2631"}],"wp:attachment":[{"href":"https:\/\/www.rivera.gub.uy\/medioambiente\/wp-json\/wp\/v2\/media?parent=2628"}],"wp:term":[{"taxonomy":"category","embeddable":true,"href":"https:\/\/www.rivera.gub.uy\/medioambiente\/wp-json\/wp\/v2\/categories?post=2628"},{"taxonomy":"post_tag","embeddable":true,"href":"https:\/\/www.rivera.gub.uy\/medioambiente\/wp-json\/wp\/v2\/tags?post=2628"}],"curies":[{"name":"wp","href":"https:\/\/api.w.org\/{rel}","templated":true}]}}