{"id":2674,"date":"2022-04-22T13:21:42","date_gmt":"2022-04-22T13:21:42","guid":{"rendered":"https:\/\/www.rivera.gub.uy\/medioambiente\/?p=2674"},"modified":"2022-04-26T13:24:37","modified_gmt":"2022-04-26T13:24:37","slug":"emprendedores-de-rivera-y-tranqueras-exponen-en-las-criollas","status":"publish","type":"post","link":"https:\/\/www.rivera.gub.uy\/medioambiente\/emprendedores-de-rivera-y-tranqueras-exponen-en-las-criollas\/","title":{"rendered":"Emprendedores de Rivera y Tranqueras exponen en \u00abLas Criollas\u00bb"},"content":{"rendered":"<p>Con gran \u00e9xito de promoci\u00f3n y ventas, los emprendedores de Rivera y Tranqueras vinculados a la Oficina de Inclusi\u00f3n Social de la IDR, expusieron en \u00abLas Criollas\u00bb.<\/p>\n<p>\u00d1acurut\u00fa Leathers, Mujeres Rurales, Nativa Indumentaria, Katia&#8217;S Reposteria Artesanal, Flordelana y el Proyecto Afro Fronterizo, fueron algunos de los emprendimientos que participaron del evento, llevado a cabo durante la semana de Turismo en el local de Curticeiras.<\/p>\n<p><!--more--><\/p>\n<div id='gallery-1' class='gallery galleryid-2674 gallery-columns-4 gallery-size-thumbnail'><figure class='gallery-item'>\n\t\t\t<div class='gallery-icon landscape'>\n\t\t\t\t<a href='https:\/\/www.rivera.gub.uy\/medioambiente\/wp-content\/uploads\/2022\/04\/1.jpg'><img loading=\"lazy\" decoding=\"async\" width=\"150\" height=\"150\" src=\"https:\/\/www.rivera.gub.uy\/medioambiente\/wp-content\/uploads\/2022\/04\/1-150x150.jpg\" class=\"attachment-thumbnail size-thumbnail\" alt=\"\" \/><\/a>\n\t\t\t<\/div><\/figure><figure class='gallery-item'>\n\t\t\t<div class='gallery-icon portrait'>\n\t\t\t\t<a href='https:\/\/www.rivera.gub.uy\/medioambiente\/wp-content\/uploads\/2022\/04\/2.jpg'><img loading=\"lazy\" decoding=\"async\" width=\"150\" height=\"150\" src=\"https:\/\/www.rivera.gub.uy\/medioambiente\/wp-content\/uploads\/2022\/04\/2-150x150.jpg\" class=\"attachment-thumbnail size-thumbnail\" alt=\"\" \/><\/a>\n\t\t\t<\/div><\/figure><figure class='gallery-item'>\n\t\t\t<div class='gallery-icon portrait'>\n\t\t\t\t<a href='https:\/\/www.rivera.gub.uy\/medioambiente\/wp-content\/uploads\/2022\/04\/3.jpg'><img loading=\"lazy\" decoding=\"async\" width=\"150\" height=\"150\" src=\"https:\/\/www.rivera.gub.uy\/medioambiente\/wp-content\/uploads\/2022\/04\/3-150x150.jpg\" class=\"attachment-thumbnail size-thumbnail\" alt=\"\" \/><\/a>\n\t\t\t<\/div><\/figure><figure class='gallery-item'>\n\t\t\t<div class='gallery-icon portrait'>\n\t\t\t\t<a href='https:\/\/www.rivera.gub.uy\/medioambiente\/wp-content\/uploads\/2022\/04\/4.jpg'><img loading=\"lazy\" decoding=\"async\" width=\"150\" height=\"150\" src=\"https:\/\/www.rivera.gub.uy\/medioambiente\/wp-content\/uploads\/2022\/04\/4-150x150.jpg\" class=\"attachment-thumbnail size-thumbnail\" alt=\"\" \/><\/a>\n\t\t\t<\/div><\/figure><figure class='gallery-item'>\n\t\t\t<div class='gallery-icon portrait'>\n\t\t\t\t<a href='https:\/\/www.rivera.gub.uy\/medioambiente\/wp-content\/uploads\/2022\/04\/5.jpg'><img loading=\"lazy\" decoding=\"async\" width=\"150\" height=\"150\" src=\"https:\/\/www.rivera.gub.uy\/medioambiente\/wp-content\/uploads\/2022\/04\/5-150x150.jpg\" class=\"attachment-thumbnail size-thumbnail\" alt=\"\" \/><\/a>\n\t\t\t<\/div><\/figure><figure class='gallery-item'>\n\t\t\t<div class='gallery-icon portrait'>\n\t\t\t\t<a href='https:\/\/www.rivera.gub.uy\/medioambiente\/wp-content\/uploads\/2022\/04\/6.jpg'><img loading=\"lazy\" decoding=\"async\" width=\"150\" height=\"150\" src=\"https:\/\/www.rivera.gub.uy\/medioambiente\/wp-content\/uploads\/2022\/04\/6-150x150.jpg\" class=\"attachment-thumbnail size-thumbnail\" alt=\"\" \/><\/a>\n\t\t\t<\/div><\/figure><figure class='gallery-item'>\n\t\t\t<div class='gallery-icon landscape'>\n\t\t\t\t<a href='https:\/\/www.rivera.gub.uy\/medioambiente\/wp-content\/uploads\/2022\/04\/7.jpg'><img loading=\"lazy\" decoding=\"async\" width=\"150\" height=\"150\" src=\"https:\/\/www.rivera.gub.uy\/medioambiente\/wp-content\/uploads\/2022\/04\/7-150x150.jpg\" class=\"attachment-thumbnail size-thumbnail\" alt=\"\" srcset=\"https:\/\/www.rivera.gub.uy\/medioambiente\/wp-content\/uploads\/2022\/04\/7-150x150.jpg 150w, https:\/\/www.rivera.gub.uy\/medioambiente\/wp-content\/uploads\/2022\/04\/7-300x300.jpg 300w, https:\/\/www.rivera.gub.uy\/medioambiente\/wp-content\/uploads\/2022\/04\/7-1024x1024.jpg 1024w, https:\/\/www.rivera.gub.uy\/medioambiente\/wp-content\/uploads\/2022\/04\/7-768x768.jpg 768w, https:\/\/www.rivera.gub.uy\/medioambiente\/wp-content\/uploads\/2022\/04\/7-1536x1536.jpg 1536w, https:\/\/www.rivera.gub.uy\/medioambiente\/wp-content\/uploads\/2022\/04\/7-820x820.jpg 820w, https:\/\/www.rivera.gub.uy\/medioambiente\/wp-content\/uploads\/2022\/04\/7.jpg 1600w\" sizes=\"(max-width: 150px) 100vw, 150px\" \/><\/a>\n\t\t\t<\/div><\/figure>\n\t\t<\/div>\n\n<h3><\/h3>\n<h3>Emprendimientos:<\/h3>\n<p><strong>\u00d1acurut\u00fa Leathers:<\/strong> es una empresa dedicada a la confecci\u00f3n de art\u00edculos de cuero crudo personalizados para todo p\u00fablico, con un enfoque al p\u00fablico femenino. Realiza una gran variedad de art\u00edculos: joyer\u00eda en lonja, carteras, billeteras, llaveros, cinturones y prendas para el apero (riendas, cabezadas, bozales, etc.).<br \/>\nContactos:<a href=\"tel:+59891384595\"> 091384595<\/a> | Ig: <a href=\"https:\/\/www.instagram.com\/nacurutuleathers\/\">@nacurut\u00faleathers<\/a> | Fb: <a href=\"https:\/\/www.facebook.com\/nacurutu.leathers.7\">\/\u00d1acurut\u00faLeathers<\/a><\/p>\n<p><strong>Mujeres Rurales:<\/strong> ventas de productos artesanales sin conservantes.<br \/>\nDulces en conserva, empanadas, pasteles, alfajores, postres y otros productos.<br \/>\nContacto: <a href=\"tel:+59895848916\">095848916<\/a><\/p>\n<p><strong>Katia&#8217;S Reposteria Artesanal: <\/strong>realizan tortas personalizadas, cupcakes, postres, dulces esculpidos en fondant, dulces gourmet.<br \/>\nContacto:\u00a0 <a href=\"tel:+59894370234\">094370234<\/a> | Ig: <a href=\"https:\/\/www.instagram.com\/katiasreposteria\/\">@katiasreposteria<\/a><\/p>\n<p><strong>Nativa Indumentaria:<\/strong> Prendas bordadas a mano.<br \/>\nContacto: <a href=\"tel:+59891366398\">091366398<\/a> | Ig: <a href=\"https:\/\/www.instagram.com\/nativa_indumentaria_\/\">@nativa_indumentaria_<\/a><\/p>\n<p><strong>Flordelana:<\/strong> realizan todo tipo de prendas y accesorios artesanales en lana.<br \/>\nContacto: <a href=\"tel:+59893731998\">093731998<\/a><\/p>\n<p><strong>Proyecto Afro Fronterizo:<\/strong> realiza ventas de productos en madera tales como tambores, pizarrones multiuso, tablas para asado, macetas reciclables y dem\u00e1s productos solicitados a medida.<br \/>\nContacto: <a href=\"tel:+59892704645\">092704645<\/a><\/p>\n<p>&nbsp;<\/p>\n<p>&nbsp;<\/p>\n","protected":false},"excerpt":{"rendered":"<p>Con gran \u00e9xito de promoci\u00f3n y ventas, los emprendedores de Rivera y Tranqueras vinculados a la Oficina de Inclusi\u00f3n Social de la IDR, expusieron en \u00abLas Criollas\u00bb. \u00d1acurut\u00fa Leathers, Mujeres Rurales, Nativa Indumentaria, Katia&#8217;S Reposteria Artesanal, Flordelana y el Proyecto Afro Fronterizo, fueron algunos de los emprendimientos que participaron del evento, llevado a cabo durante [&hellip;]<\/p>\n","protected":false},"author":2,"featured_media":2678,"comment_status":"open","ping_status":"open","sticky":false,"template":"","format":"standard","meta":{"footnotes":""},"categories":[1],"tags":[159,160,54],"_links":{"self":[{"href":"https:\/\/www.rivera.gub.uy\/medioambiente\/wp-json\/wp\/v2\/posts\/2674"}],"collection":[{"href":"https:\/\/www.rivera.gub.uy\/medioambiente\/wp-json\/wp\/v2\/posts"}],"about":[{"href":"https:\/\/www.rivera.gub.uy\/medioambiente\/wp-json\/wp\/v2\/types\/post"}],"author":[{"embeddable":true,"href":"https:\/\/www.rivera.gub.uy\/medioambiente\/wp-json\/wp\/v2\/users\/2"}],"replies":[{"embeddable":true,"href":"https:\/\/www.rivera.gub.uy\/medioambiente\/wp-json\/wp\/v2\/comments?post=2674"}],"version-history":[{"count":4,"href":"https:\/\/www.rivera.gub.uy\/medioambiente\/wp-json\/wp\/v2\/posts\/2674\/revisions"}],"predecessor-version":[{"id":2685,"href":"https:\/\/www.rivera.gub.uy\/medioambiente\/wp-json\/wp\/v2\/posts\/2674\/revisions\/2685"}],"wp:featuredmedia":[{"embeddable":true,"href":"https:\/\/www.rivera.gub.uy\/medioambiente\/wp-json\/wp\/v2\/media\/2678"}],"wp:attachment":[{"href":"https:\/\/www.rivera.gub.uy\/medioambiente\/wp-json\/wp\/v2\/media?parent=2674"}],"wp:term":[{"taxonomy":"category","embeddable":true,"href":"https:\/\/www.rivera.gub.uy\/medioambiente\/wp-json\/wp\/v2\/categories?post=2674"},{"taxonomy":"post_tag","embeddable":true,"href":"https:\/\/www.rivera.gub.uy\/medioambiente\/wp-json\/wp\/v2\/tags?post=2674"}],"curies":[{"name":"wp","href":"https:\/\/api.w.org\/{rel}","templated":true}]}}