{"id":2874,"date":"2022-07-15T13:34:56","date_gmt":"2022-07-15T13:34:56","guid":{"rendered":"https:\/\/www.rivera.gub.uy\/medioambiente\/?p=2874"},"modified":"2022-07-15T13:35:18","modified_gmt":"2022-07-15T13:35:18","slug":"feria-binacional-afro-raiz","status":"publish","type":"post","link":"https:\/\/www.rivera.gub.uy\/medioambiente\/feria-binacional-afro-raiz\/","title":{"rendered":"Feria Binacional \u00abAfro Ra\u00edz\u00bb"},"content":{"rendered":"<p>Este s\u00e1bado 16 de julio, a partir de las 14 horas en el Teatro Municipal de Rivera, se realizar\u00e1 la Feria Binacional Afro Ra\u00edz, llevada a cabo por las diferentes agrupaciones afro de la frontera Rivera-Livramento.<\/p>\n<p><!--more--><\/p>\n<p>En el marco del mes de la afrodescendencia, la comunidad presentar\u00e1 en esta oportunidad diversas actividades, como la danza, moda, literatura y poes\u00eda, que reflejan todo lo relacionado a la cultura afrofronteriza.<\/p>\n<p>Este evento es organizado por Las Juanna&#8217;s, Identidad Afro Rivera, Tambores del Norte, Proyecto Mi Tambor, Afros Independiente, Comparsa Madiba, Vea (Vestimenta \u00c9tnica Artesanal) y Nzingna (Artesan\u00edas \u00c9tnicas), con el apoyo del MIDES y la Intendencia Departamental de Rivera.<\/p>\n<p>&nbsp;<\/p>\n<p><a href=\"https:\/\/www.rivera.gub.uy\/medioambiente\/wp-content\/uploads\/2022\/07\/afroraiz.jpg\"><img loading=\"lazy\" decoding=\"async\" class=\"aligncenter size-medium wp-image-2878\" src=\"https:\/\/www.rivera.gub.uy\/medioambiente\/wp-content\/uploads\/2022\/07\/afroraiz-165x300.jpg\" alt=\"\" width=\"165\" height=\"300\" srcset=\"https:\/\/www.rivera.gub.uy\/medioambiente\/wp-content\/uploads\/2022\/07\/afroraiz-165x300.jpg 165w, https:\/\/www.rivera.gub.uy\/medioambiente\/wp-content\/uploads\/2022\/07\/afroraiz.jpg 352w\" sizes=\"(max-width: 165px) 100vw, 165px\" \/><\/a><\/p>\n<p>&nbsp;<\/p>\n","protected":false},"excerpt":{"rendered":"<p>Este s\u00e1bado 16 de julio, a partir de las 14 horas en el Teatro Municipal de Rivera, se realizar\u00e1 la Feria Binacional Afro Ra\u00edz, llevada a cabo por las diferentes agrupaciones afro de la frontera Rivera-Livramento.<\/p>\n","protected":false},"author":1,"featured_media":2877,"comment_status":"open","ping_status":"open","sticky":false,"template":"","format":"standard","meta":{"footnotes":""},"categories":[1],"tags":[166],"_links":{"self":[{"href":"https:\/\/www.rivera.gub.uy\/medioambiente\/wp-json\/wp\/v2\/posts\/2874"}],"collection":[{"href":"https:\/\/www.rivera.gub.uy\/medioambiente\/wp-json\/wp\/v2\/posts"}],"about":[{"href":"https:\/\/www.rivera.gub.uy\/medioambiente\/wp-json\/wp\/v2\/types\/post"}],"author":[{"embeddable":true,"href":"https:\/\/www.rivera.gub.uy\/medioambiente\/wp-json\/wp\/v2\/users\/1"}],"replies":[{"embeddable":true,"href":"https:\/\/www.rivera.gub.uy\/medioambiente\/wp-json\/wp\/v2\/comments?post=2874"}],"version-history":[{"count":8,"href":"https:\/\/www.rivera.gub.uy\/medioambiente\/wp-json\/wp\/v2\/posts\/2874\/revisions"}],"predecessor-version":[{"id":2884,"href":"https:\/\/www.rivera.gub.uy\/medioambiente\/wp-json\/wp\/v2\/posts\/2874\/revisions\/2884"}],"wp:featuredmedia":[{"embeddable":true,"href":"https:\/\/www.rivera.gub.uy\/medioambiente\/wp-json\/wp\/v2\/media\/2877"}],"wp:attachment":[{"href":"https:\/\/www.rivera.gub.uy\/medioambiente\/wp-json\/wp\/v2\/media?parent=2874"}],"wp:term":[{"taxonomy":"category","embeddable":true,"href":"https:\/\/www.rivera.gub.uy\/medioambiente\/wp-json\/wp\/v2\/categories?post=2874"},{"taxonomy":"post_tag","embeddable":true,"href":"https:\/\/www.rivera.gub.uy\/medioambiente\/wp-json\/wp\/v2\/tags?post=2874"}],"curies":[{"name":"wp","href":"https:\/\/api.w.org\/{rel}","templated":true}]}}