{"id":2886,"date":"2022-07-15T17:29:11","date_gmt":"2022-07-15T17:29:11","guid":{"rendered":"https:\/\/www.rivera.gub.uy\/medioambiente\/?p=2886"},"modified":"2022-07-24T13:14:24","modified_gmt":"2022-07-24T13:14:24","slug":"coloquio-de-mujeres-afrofronterizas-y-politicas-publicas","status":"publish","type":"post","link":"https:\/\/www.rivera.gub.uy\/medioambiente\/coloquio-de-mujeres-afrofronterizas-y-politicas-publicas\/","title":{"rendered":"Coloquio de Mujeres Afrofronterizas y Pol\u00edticas P\u00fablicas"},"content":{"rendered":"<p>El martes 26 de de julio, a las 14 horas, en Campus Centro Regional Noreste \u2013 Sede Rivera (<a href=\"https:\/\/goo.gl\/maps\/9bamzBB8YEtinny5A\" target=\"_blank\" rel=\"noopener noreferrer\">Guido Machado Brum 2450\/ Ruta 5 Km 495.5<\/a>)\u00a0 se realizar\u00e1 el <strong>\u201cColoquio de Mujeres Afrofronterizas y Pol\u00edticas P\u00fablicas\u201d<\/strong>.<\/p>\n<p>Este evento es llevado a cabo, en el marco de las celebraciones del <strong>Mes de los Afrodescendientes<\/strong> dentro del Programa Rivera Pacta para la Inclusi\u00f3n Afrofronteriza, por la Intendencia Departamental de Rivera a trav\u00e9s de la DGDMA (Oficina de Inclusi\u00f3n Social) junto a CENUR Noreste sede Rivera. <!--more--><\/p>\n<p>La creaci\u00f3n del espacio de intercambio, con paneles integrados por referentes nacionales e internacionales, abordar\u00e1n tem\u00e1ticas relevantes y diferentes situaciones de esta poblaci\u00f3n. Los ejes planteados para el coloquio est\u00e1n orientados a las pol\u00edticas p\u00fablicas en Educaci\u00f3n &#8211; Auto empleo \/ Emprendedurismo &#8211; Empleo, enfocadas especialmente en la zona fronteriza -de Uruguay y Brasil-, y extendiendo la reflexi\u00f3n comparada hacia otras realidades de fronteras del MERCOSUR.<\/p>\n<p>El evento contar\u00e1 con una Conferencia Internacional inaugural a cargo de Silvana Banhia (Co-Directora Ejecutiva de Olabi) que viene desde Rio de Janeiro, Brasil.<br \/>\nApoyan y participaci\u00f3n UNFPA (Fondo de Poblaci\u00f3n de las Naciones Unidas), Ministerio de Desarrollo Social a trav\u00e9s de INMUJERES, representantes de la Sociedad Civil y de la Mesa Departamental Afro, junto con las universidades de Rivera y Livramento; UDELAR, UNIPAMPA, UTEC, y UERGS.<\/p>\n<p><strong>Formulario de inscripci\u00f3n al evento presencial (<a href=\"https:\/\/www.rivera.gub.uy\/medioambiente\/mujer-afrofronteriza-y-politicas-publicas\/\" target=\"_blank\" rel=\"noopener\">inscribirse<\/a>)\u00a0\u00a0<\/strong><\/p>\n<p>&nbsp;<\/p>\n<p><strong>Cronograma:<\/strong><\/p>\n<ul>\n<li><span style=\"font-weight: 400;\"><strong>Apertura:<\/strong> Cr. Richard Sander (Intendente de Rivera), Patricia Viera (UDELAR), Juan Mer\u00e9 (UNFPA), Natalia Lop\u00e9z (Mides), Julia De Los Santos (Mesa Afro Departamental).<\/span>\n<ul>\n<li>14:00 Conferencia de apertura: Silvana Bahia (Co-Directora ejecutiva do Olabi y coordinadora de PretaLab).<\/li>\n<li>Modera: Juan Mer\u00e9 (UNFPA, Uruguay).<\/li>\n<\/ul>\n<\/li>\n<\/ul>\n<p><strong>Paneles sobre desaf\u00edos y buenas pr\u00e1cticas:<\/strong><\/p>\n<ul>\n<li><strong>14:30 Eje Educaci\u00f3n:<\/strong> Prof. Sebasti\u00e3o Ailton da Rosa Cerqueira Ad\u00e3o (UNIPAMPA); Dra. Patricia Viera (UDELAR); Marcelo Ubal(UTEC); Profa. Cassiana (UERGS).<br \/>\nModera: Leticia Nu\u00f1ez Almeida (UDELAR)<\/li>\n<li><strong>15:15 Eje Auto empleo- emprendedurismo:<\/strong> Blanche Cambou (Manos M\u00e1gicas), Andrea Magdalena (InMujeres), Prof. Rosemeri da Silva Madrid (UNIPAMPA), Raquel Machado (Flordelana), Fernanda Ara\u00fajo (Gestora de Innovaci\u00f3n SICTI\/RS &#8211; Voluntaria \u00c1rea B).<br \/>\nModera: Ximena Piqu\u00e9 Machado (IDR)<\/li>\n<li><strong>16:15 Eje sobre Empleo:<\/strong> Daniel Perez (MTSS), Mar\u00eda Lina Varela Churi (Asoc. Free Shops), Elizabeth Suarez Coordinadora Ejecutiva SEERPM (Intendencia de Montevideo), UNFPA (Uruguay), Gilda Machado (PIT CNT)<br \/>\nModera: Alejandro Bert\u00f3n (IDR)<\/li>\n<li><strong>17:00 Cierre:<\/strong> Mesa gastron\u00f3mica de Mujeres Rurales &#8211; Muestra proceso construcci\u00f3n de Tambores (Escuela Tambores Rivera, IDR)<\/li>\n<\/ul>\n","protected":false},"excerpt":{"rendered":"<p>El martes 26 de de julio, a las 14 horas, en Campus Centro Regional Noreste \u2013 Sede Rivera (Guido Machado Brum 2450\/ Ruta 5 Km 495.5)\u00a0 se realizar\u00e1 el \u201cColoquio de Mujeres Afrofronterizas y Pol\u00edticas P\u00fablicas\u201d. Este evento es llevado a cabo, en el marco de las celebraciones del Mes de los Afrodescendientes dentro del [&hellip;]<\/p>\n","protected":false},"author":1,"featured_media":2887,"comment_status":"open","ping_status":"open","sticky":false,"template":"","format":"standard","meta":{"footnotes":""},"categories":[1],"tags":[],"_links":{"self":[{"href":"https:\/\/www.rivera.gub.uy\/medioambiente\/wp-json\/wp\/v2\/posts\/2886"}],"collection":[{"href":"https:\/\/www.rivera.gub.uy\/medioambiente\/wp-json\/wp\/v2\/posts"}],"about":[{"href":"https:\/\/www.rivera.gub.uy\/medioambiente\/wp-json\/wp\/v2\/types\/post"}],"author":[{"embeddable":true,"href":"https:\/\/www.rivera.gub.uy\/medioambiente\/wp-json\/wp\/v2\/users\/1"}],"replies":[{"embeddable":true,"href":"https:\/\/www.rivera.gub.uy\/medioambiente\/wp-json\/wp\/v2\/comments?post=2886"}],"version-history":[{"count":9,"href":"https:\/\/www.rivera.gub.uy\/medioambiente\/wp-json\/wp\/v2\/posts\/2886\/revisions"}],"predecessor-version":[{"id":2989,"href":"https:\/\/www.rivera.gub.uy\/medioambiente\/wp-json\/wp\/v2\/posts\/2886\/revisions\/2989"}],"wp:featuredmedia":[{"embeddable":true,"href":"https:\/\/www.rivera.gub.uy\/medioambiente\/wp-json\/wp\/v2\/media\/2887"}],"wp:attachment":[{"href":"https:\/\/www.rivera.gub.uy\/medioambiente\/wp-json\/wp\/v2\/media?parent=2886"}],"wp:term":[{"taxonomy":"category","embeddable":true,"href":"https:\/\/www.rivera.gub.uy\/medioambiente\/wp-json\/wp\/v2\/categories?post=2886"},{"taxonomy":"post_tag","embeddable":true,"href":"https:\/\/www.rivera.gub.uy\/medioambiente\/wp-json\/wp\/v2\/tags?post=2886"}],"curies":[{"name":"wp","href":"https:\/\/api.w.org\/{rel}","templated":true}]}}