{"id":2958,"date":"2022-07-22T14:37:28","date_gmt":"2022-07-22T14:37:28","guid":{"rendered":"https:\/\/www.rivera.gub.uy\/medioambiente\/?p=2958"},"modified":"2022-07-22T14:37:28","modified_gmt":"2022-07-22T14:37:28","slug":"llamado-a-asistente-ejecutivo-a-para-el-centro-pyme-de-rivera","status":"publish","type":"post","link":"https:\/\/www.rivera.gub.uy\/medioambiente\/llamado-a-asistente-ejecutivo-a-para-el-centro-pyme-de-rivera\/","title":{"rendered":"Llamado a Asistente ejecutivo\/a para el Centro Pyme de Rivera"},"content":{"rendered":"<div class=\"uk-margin texto-de-introduccion\">Los Centros Pymes son espacios que brindar\u00e1n a las mipymes una oferta de apoyo integral para su crecimiento y desarrollo, identificando y priorizando necesidades, a partir de las cuales generar planes de trabajo tendientes a cerrar las brechas de competitividad mediante la realizaci\u00f3n de asesor\u00edas t\u00e9cnicas y capacitaci\u00f3n.<\/div>\n<p><!--more--><\/p>\n<div class=\"uk-margin texto\">\n<p>Este llamado tiene por objetivo contratar un\/a Asistente Ejecutivo\/a, quien tendr\u00e1 como principal responsabilidad tareas de soporte administrativo y log\u00edstico, as\u00ed como la atenci\u00f3n y orientaci\u00f3n inicial de los usuarios que arriben al Centro.<\/p>\n<p>Estudios cursados:\u00a0T\u00e9cnico en gesti\u00f3n de empresas, administraci\u00f3n, secretariado o afines.<\/p>\n<p>El cargo requiere radicaci\u00f3n en el departamento de Rivera.<\/p>\n<p><strong>Las personas interesadas deber\u00e1n enviar su Curr\u00edculum Vitae al correo <span id=\"cloak52f1988fe249e76aec2662bc51abbc4f\"><a href=\"mailto:llamados@ande.org.uy\">llamados@ande.org.uy<\/a><\/span>\u00a0hasta el 25 de julio.<\/strong><\/p>\n<\/div>\n<p>Bases (<a href=\"https:\/\/www.rivera.gub.uy\/medioambiente\/wp-content\/uploads\/2022\/07\/TDR_AE_Red_de_CP_2022_c_hon_CC-ande.pdf\" target=\"_blank\" rel=\"noopener\">descargar<\/a>)<\/p>\n","protected":false},"excerpt":{"rendered":"<p>Los Centros Pymes son espacios que brindar\u00e1n a las mipymes una oferta de apoyo integral para su crecimiento y desarrollo, identificando y priorizando necesidades, a partir de las cuales generar planes de trabajo tendientes a cerrar las brechas de competitividad mediante la realizaci\u00f3n de asesor\u00edas t\u00e9cnicas y capacitaci\u00f3n.<\/p>\n","protected":false},"author":1,"featured_media":2960,"comment_status":"open","ping_status":"open","sticky":false,"template":"","format":"standard","meta":{"footnotes":""},"categories":[1],"tags":[],"_links":{"self":[{"href":"https:\/\/www.rivera.gub.uy\/medioambiente\/wp-json\/wp\/v2\/posts\/2958"}],"collection":[{"href":"https:\/\/www.rivera.gub.uy\/medioambiente\/wp-json\/wp\/v2\/posts"}],"about":[{"href":"https:\/\/www.rivera.gub.uy\/medioambiente\/wp-json\/wp\/v2\/types\/post"}],"author":[{"embeddable":true,"href":"https:\/\/www.rivera.gub.uy\/medioambiente\/wp-json\/wp\/v2\/users\/1"}],"replies":[{"embeddable":true,"href":"https:\/\/www.rivera.gub.uy\/medioambiente\/wp-json\/wp\/v2\/comments?post=2958"}],"version-history":[{"count":1,"href":"https:\/\/www.rivera.gub.uy\/medioambiente\/wp-json\/wp\/v2\/posts\/2958\/revisions"}],"predecessor-version":[{"id":2961,"href":"https:\/\/www.rivera.gub.uy\/medioambiente\/wp-json\/wp\/v2\/posts\/2958\/revisions\/2961"}],"wp:featuredmedia":[{"embeddable":true,"href":"https:\/\/www.rivera.gub.uy\/medioambiente\/wp-json\/wp\/v2\/media\/2960"}],"wp:attachment":[{"href":"https:\/\/www.rivera.gub.uy\/medioambiente\/wp-json\/wp\/v2\/media?parent=2958"}],"wp:term":[{"taxonomy":"category","embeddable":true,"href":"https:\/\/www.rivera.gub.uy\/medioambiente\/wp-json\/wp\/v2\/categories?post=2958"},{"taxonomy":"post_tag","embeddable":true,"href":"https:\/\/www.rivera.gub.uy\/medioambiente\/wp-json\/wp\/v2\/tags?post=2958"}],"curies":[{"name":"wp","href":"https:\/\/api.w.org\/{rel}","templated":true}]}}