{"id":2962,"date":"2022-07-22T14:43:07","date_gmt":"2022-07-22T14:43:07","guid":{"rendered":"https:\/\/www.rivera.gub.uy\/medioambiente\/?p=2962"},"modified":"2022-07-22T14:43:07","modified_gmt":"2022-07-22T14:43:07","slug":"coloquio-jovenes-y-fronteras","status":"publish","type":"post","link":"https:\/\/www.rivera.gub.uy\/medioambiente\/coloquio-jovenes-y-fronteras\/","title":{"rendered":"Coloquio: J\u00f3venes y Fronteras"},"content":{"rendered":"<p>El Fondo de Poblaci\u00f3n de las Naciones Unidas (UNFPA), la Intendencia Departamental de Rivera, el Instituto Social del Mercosur (ISM), la Universidad de la Rep\u00fablica (UdelaR), la Universidad Tecnol\u00f3gica del Uruguay (UTEC), la Universidad Federal do Pampa (Unipampa) y el Ministerio de Desarrollo Social (Mides)\u00a0invitan al Coloquio \u00abJ\u00f3venes y Fronteras\u00bb.<!--more--><\/p>\n<p data-uw-rm-mod=\"\">La actividad se realizar\u00e1 el pr\u00f3ximo mi\u00e9rcoles 27 de julio a las 10 hs en la Sede de la Udelar en el departamento de Rivera (<a href=\"https:\/\/goo.gl\/maps\/9bamzBB8YEtinny5A\">Guido Machado Brum 2450\/Ruta5<\/a>) y ser\u00e1 transmitido en vivo por el canal de youtube:\u00a0\u00a0<a href=\"https:\/\/www.youtube.com\/channel\/UCDjNeFLJiB345yYzvt-u8_Q\" data-uw-rm-brl=\"exc\">UdelarSedeRivera<\/a><\/p>\n<p>El Coloquio se enmarca en la estrategia de abogac\u00eda del proyecto \u201cC\u00f3mo es crecer en las zonas\u00a0de frontera en los pa\u00edses del Mercosur\u201d, y forma parte de la \u201cIniciativa 165 millones de\u00a0razones: un llamado a la acci\u00f3n para invertir en adolescencia y juventud\u201d, impulsada desde\u00a0UNFPA y con el apoyo en su implementaci\u00f3n por parte del Instituto Social del MERCOSUR-ISM\u00a0desde 2019. Ambas instituciones han promovido una agenda subregional para la promoci\u00f3n de\u00a0los derechos de los adolescentes y j\u00f3venes.<\/p>\n<p>El proyecto describe y explica las diversas situaciones que se presentan en ciudades\u00a0binacionales de frontera, para reflexionar con autoridades, sociedad civil, academia\u00a0 y\u00a0especialistas\/comunicadores sobre el proceso de c\u00f3mo un\/una adolescente o joven crece en las fronteras y cu\u00e1les son las pol\u00edticas a desarrollar; as\u00ed como desaf\u00edos post-pandemia que se\u00a0presentan para que cada joven alcance su m\u00e1ximo potencial.<\/p>\n<p>Para confirmar asistencia presencial, hac\u00e9 click <a href=\"http:\/\/www.ismercosur.org\/es\/confirmar-asistencia\/\" data-uw-rm-brl=\"false\">aqu\u00ed<\/a><\/p>\n<p>Asimismo, el d\u00eda martes 26 de julio, se realizar\u00e1 el\u00a0<strong><em>Coloquio: Mujeres Afrofronterizas y Pol\u00edticas P\u00fablicas.\u00a0<\/em><\/strong>M\u00e1s informaci\u00f3n\u00a0<a href=\"https:\/\/www.rivera.gub.uy\/medioambiente\/coloquio-de-mujeres-afrofronterizas-y-politicas-publicas\/\" data-uw-rm-brl=\"false\">aqu\u00ed<\/a>.<\/p>\n<p>&nbsp;<\/p>\n<p>Programa de los Coloquios (<a href=\"https:\/\/www.rivera.gub.uy\/medioambiente\/wp-content\/uploads\/2022\/07\/programa.pdf\" target=\"_blank\" rel=\"noopener\">descargar<\/a>)<\/p>\n","protected":false},"excerpt":{"rendered":"<p>El Fondo de Poblaci\u00f3n de las Naciones Unidas (UNFPA), la Intendencia Departamental de Rivera, el Instituto Social del Mercosur (ISM), la Universidad de la Rep\u00fablica (UdelaR), la Universidad Tecnol\u00f3gica del Uruguay (UTEC), la Universidad Federal do Pampa (Unipampa) y el Ministerio de Desarrollo Social (Mides)\u00a0invitan al Coloquio \u00abJ\u00f3venes y Fronteras\u00bb.<\/p>\n","protected":false},"author":1,"featured_media":2964,"comment_status":"open","ping_status":"open","sticky":false,"template":"","format":"standard","meta":{"footnotes":""},"categories":[1],"tags":[],"_links":{"self":[{"href":"https:\/\/www.rivera.gub.uy\/medioambiente\/wp-json\/wp\/v2\/posts\/2962"}],"collection":[{"href":"https:\/\/www.rivera.gub.uy\/medioambiente\/wp-json\/wp\/v2\/posts"}],"about":[{"href":"https:\/\/www.rivera.gub.uy\/medioambiente\/wp-json\/wp\/v2\/types\/post"}],"author":[{"embeddable":true,"href":"https:\/\/www.rivera.gub.uy\/medioambiente\/wp-json\/wp\/v2\/users\/1"}],"replies":[{"embeddable":true,"href":"https:\/\/www.rivera.gub.uy\/medioambiente\/wp-json\/wp\/v2\/comments?post=2962"}],"version-history":[{"count":2,"href":"https:\/\/www.rivera.gub.uy\/medioambiente\/wp-json\/wp\/v2\/posts\/2962\/revisions"}],"predecessor-version":[{"id":2966,"href":"https:\/\/www.rivera.gub.uy\/medioambiente\/wp-json\/wp\/v2\/posts\/2962\/revisions\/2966"}],"wp:featuredmedia":[{"embeddable":true,"href":"https:\/\/www.rivera.gub.uy\/medioambiente\/wp-json\/wp\/v2\/media\/2964"}],"wp:attachment":[{"href":"https:\/\/www.rivera.gub.uy\/medioambiente\/wp-json\/wp\/v2\/media?parent=2962"}],"wp:term":[{"taxonomy":"category","embeddable":true,"href":"https:\/\/www.rivera.gub.uy\/medioambiente\/wp-json\/wp\/v2\/categories?post=2962"},{"taxonomy":"post_tag","embeddable":true,"href":"https:\/\/www.rivera.gub.uy\/medioambiente\/wp-json\/wp\/v2\/tags?post=2962"}],"curies":[{"name":"wp","href":"https:\/\/api.w.org\/{rel}","templated":true}]}}