{"id":3216,"date":"2022-08-24T13:05:42","date_gmt":"2022-08-24T13:05:42","guid":{"rendered":"https:\/\/www.rivera.gub.uy\/medioambiente\/?p=3216"},"modified":"2022-08-24T13:06:15","modified_gmt":"2022-08-24T13:06:15","slug":"buenas-practicas-para-la-habilitacion-bromatologica-en-mipymes-de-alimentos","status":"publish","type":"post","link":"https:\/\/www.rivera.gub.uy\/medioambiente\/buenas-practicas-para-la-habilitacion-bromatologica-en-mipymes-de-alimentos\/","title":{"rendered":"Buenas pr\u00e1cticas para la habilitaci\u00f3n bromatol\u00f3gica en MIPYMES de alimentos"},"content":{"rendered":"<p>Los d\u00edas 12, 14 y 19 de setiembre, de 18 a 20 horas, el MIEM realizar\u00e1 capacitaciones v\u00eda zoom, con el fin de proporcionar lineamientos a las MIPYMES para la obtenci\u00f3n de habilitaci\u00f3n bromatol\u00f3gica en la producci\u00f3n de alimentos.<\/p>\n<p><!--more--><\/p>\n<p>Por m\u00e1s informaci\u00f3n, los interesados pueden contactarse a trav\u00e9s de <a href=\"mailto:areadesarrolloterritorial@miem.gub.uy\">areadesarrolloterritorial@miem.gub.uy<\/a>, <a href=\"tel:+59892814105\">092 814 105<\/a> y <a href=\"tel:+59892814106\">092 814 106<\/a>.<\/p>\n<p>&nbsp;<\/p>\n<p><a href=\"https:\/\/www.rivera.gub.uy\/medioambiente\/wp-content\/uploads\/2022\/08\/WhatsApp-Image-2022-08-22-at-1.21.37-PM.jpeg\"><img loading=\"lazy\" decoding=\"async\" class=\"aligncenter size-medium wp-image-3219\" src=\"https:\/\/www.rivera.gub.uy\/medioambiente\/wp-content\/uploads\/2022\/08\/WhatsApp-Image-2022-08-22-at-1.21.37-PM-300x254.jpeg\" alt=\"\" width=\"300\" height=\"254\" srcset=\"https:\/\/www.rivera.gub.uy\/medioambiente\/wp-content\/uploads\/2022\/08\/WhatsApp-Image-2022-08-22-at-1.21.37-PM-300x254.jpeg 300w, https:\/\/www.rivera.gub.uy\/medioambiente\/wp-content\/uploads\/2022\/08\/WhatsApp-Image-2022-08-22-at-1.21.37-PM-1024x866.jpeg 1024w, https:\/\/www.rivera.gub.uy\/medioambiente\/wp-content\/uploads\/2022\/08\/WhatsApp-Image-2022-08-22-at-1.21.37-PM-768x650.jpeg 768w, https:\/\/www.rivera.gub.uy\/medioambiente\/wp-content\/uploads\/2022\/08\/WhatsApp-Image-2022-08-22-at-1.21.37-PM-820x693.jpeg 820w, https:\/\/www.rivera.gub.uy\/medioambiente\/wp-content\/uploads\/2022\/08\/WhatsApp-Image-2022-08-22-at-1.21.37-PM.jpeg 1063w\" sizes=\"(max-width: 300px) 100vw, 300px\" \/><\/a><\/p>\n<p>&nbsp;<\/p>\n<p>&nbsp;<\/p>\n","protected":false},"excerpt":{"rendered":"<p>Los d\u00edas 12, 14 y 19 de setiembre, de 18 a 20 horas, el MIEM realizar\u00e1 capacitaciones v\u00eda zoom, con el fin de proporcionar lineamientos a las MIPYMES para la obtenci\u00f3n de habilitaci\u00f3n bromatol\u00f3gica en la producci\u00f3n de alimentos.<\/p>\n","protected":false},"author":1,"featured_media":3218,"comment_status":"open","ping_status":"open","sticky":false,"template":"","format":"standard","meta":{"footnotes":""},"categories":[1],"tags":[],"_links":{"self":[{"href":"https:\/\/www.rivera.gub.uy\/medioambiente\/wp-json\/wp\/v2\/posts\/3216"}],"collection":[{"href":"https:\/\/www.rivera.gub.uy\/medioambiente\/wp-json\/wp\/v2\/posts"}],"about":[{"href":"https:\/\/www.rivera.gub.uy\/medioambiente\/wp-json\/wp\/v2\/types\/post"}],"author":[{"embeddable":true,"href":"https:\/\/www.rivera.gub.uy\/medioambiente\/wp-json\/wp\/v2\/users\/1"}],"replies":[{"embeddable":true,"href":"https:\/\/www.rivera.gub.uy\/medioambiente\/wp-json\/wp\/v2\/comments?post=3216"}],"version-history":[{"count":5,"href":"https:\/\/www.rivera.gub.uy\/medioambiente\/wp-json\/wp\/v2\/posts\/3216\/revisions"}],"predecessor-version":[{"id":3223,"href":"https:\/\/www.rivera.gub.uy\/medioambiente\/wp-json\/wp\/v2\/posts\/3216\/revisions\/3223"}],"wp:featuredmedia":[{"embeddable":true,"href":"https:\/\/www.rivera.gub.uy\/medioambiente\/wp-json\/wp\/v2\/media\/3218"}],"wp:attachment":[{"href":"https:\/\/www.rivera.gub.uy\/medioambiente\/wp-json\/wp\/v2\/media?parent=3216"}],"wp:term":[{"taxonomy":"category","embeddable":true,"href":"https:\/\/www.rivera.gub.uy\/medioambiente\/wp-json\/wp\/v2\/categories?post=3216"},{"taxonomy":"post_tag","embeddable":true,"href":"https:\/\/www.rivera.gub.uy\/medioambiente\/wp-json\/wp\/v2\/tags?post=3216"}],"curies":[{"name":"wp","href":"https:\/\/api.w.org\/{rel}","templated":true}]}}