{"id":3224,"date":"2022-08-05T13:31:45","date_gmt":"2022-08-05T13:31:45","guid":{"rendered":"https:\/\/www.rivera.gub.uy\/medioambiente\/?p=3224"},"modified":"2022-08-24T13:41:23","modified_gmt":"2022-08-24T13:41:23","slug":"desarrolla-tu-emprendimiento","status":"publish","type":"post","link":"https:\/\/www.rivera.gub.uy\/medioambiente\/desarrolla-tu-emprendimiento\/","title":{"rendered":"Desarroll\u00e1 tu emprendimiento"},"content":{"rendered":"<p>En los meses de agosto, setiembre y octubre de 2022 se desarrollar\u00e1n en Rivera, Tranqueras y Vichadero talleres dirigidos a empresas para desarrollar emprendimientos, que incluyen Exel b\u00e1sico y Marketing Digital.<\/p>\n<p><!--more--><\/p>\n<p>Inscripciones al <a href=\"tel:+59892231677\">092 231 677<\/a>.<\/p>\n<p>&nbsp;<\/p>\n<div id='gallery-1' class='gallery galleryid-3224 gallery-columns-5 gallery-size-thumbnail'><figure class='gallery-item'>\n\t\t\t<div class='gallery-icon landscape'>\n\t\t\t\t<a href='https:\/\/www.rivera.gub.uy\/medioambiente\/wp-content\/uploads\/2022\/08\/WhatsApp-Image-2022-08-05-at-12.16.24-PM-1.jpeg'><img loading=\"lazy\" decoding=\"async\" width=\"150\" height=\"150\" src=\"https:\/\/www.rivera.gub.uy\/medioambiente\/wp-content\/uploads\/2022\/08\/WhatsApp-Image-2022-08-05-at-12.16.24-PM-1-150x150.jpeg\" class=\"attachment-thumbnail size-thumbnail\" alt=\"\" srcset=\"https:\/\/www.rivera.gub.uy\/medioambiente\/wp-content\/uploads\/2022\/08\/WhatsApp-Image-2022-08-05-at-12.16.24-PM-1-150x150.jpeg 150w, https:\/\/www.rivera.gub.uy\/medioambiente\/wp-content\/uploads\/2022\/08\/WhatsApp-Image-2022-08-05-at-12.16.24-PM-1-300x300.jpeg 300w, https:\/\/www.rivera.gub.uy\/medioambiente\/wp-content\/uploads\/2022\/08\/WhatsApp-Image-2022-08-05-at-12.16.24-PM-1-1024x1024.jpeg 1024w, https:\/\/www.rivera.gub.uy\/medioambiente\/wp-content\/uploads\/2022\/08\/WhatsApp-Image-2022-08-05-at-12.16.24-PM-1-768x768.jpeg 768w, https:\/\/www.rivera.gub.uy\/medioambiente\/wp-content\/uploads\/2022\/08\/WhatsApp-Image-2022-08-05-at-12.16.24-PM-1-820x820.jpeg 820w, https:\/\/www.rivera.gub.uy\/medioambiente\/wp-content\/uploads\/2022\/08\/WhatsApp-Image-2022-08-05-at-12.16.24-PM-1.jpeg 1080w\" sizes=\"(max-width: 150px) 100vw, 150px\" \/><\/a>\n\t\t\t<\/div><\/figure><figure class='gallery-item'>\n\t\t\t<div class='gallery-icon landscape'>\n\t\t\t\t<a href='https:\/\/www.rivera.gub.uy\/medioambiente\/wp-content\/uploads\/2022\/08\/WhatsApp-Image-2022-08-05-at-12.16.24-PM.jpeg'><img loading=\"lazy\" decoding=\"async\" width=\"150\" height=\"150\" src=\"https:\/\/www.rivera.gub.uy\/medioambiente\/wp-content\/uploads\/2022\/08\/WhatsApp-Image-2022-08-05-at-12.16.24-PM-150x150.jpeg\" class=\"attachment-thumbnail size-thumbnail\" alt=\"\" srcset=\"https:\/\/www.rivera.gub.uy\/medioambiente\/wp-content\/uploads\/2022\/08\/WhatsApp-Image-2022-08-05-at-12.16.24-PM-150x150.jpeg 150w, https:\/\/www.rivera.gub.uy\/medioambiente\/wp-content\/uploads\/2022\/08\/WhatsApp-Image-2022-08-05-at-12.16.24-PM-300x300.jpeg 300w, https:\/\/www.rivera.gub.uy\/medioambiente\/wp-content\/uploads\/2022\/08\/WhatsApp-Image-2022-08-05-at-12.16.24-PM-1024x1024.jpeg 1024w, https:\/\/www.rivera.gub.uy\/medioambiente\/wp-content\/uploads\/2022\/08\/WhatsApp-Image-2022-08-05-at-12.16.24-PM-768x768.jpeg 768w, https:\/\/www.rivera.gub.uy\/medioambiente\/wp-content\/uploads\/2022\/08\/WhatsApp-Image-2022-08-05-at-12.16.24-PM-820x820.jpeg 820w, https:\/\/www.rivera.gub.uy\/medioambiente\/wp-content\/uploads\/2022\/08\/WhatsApp-Image-2022-08-05-at-12.16.24-PM.jpeg 1080w\" sizes=\"(max-width: 150px) 100vw, 150px\" \/><\/a>\n\t\t\t<\/div><\/figure><figure class='gallery-item'>\n\t\t\t<div class='gallery-icon landscape'>\n\t\t\t\t<a href='https:\/\/www.rivera.gub.uy\/medioambiente\/wp-content\/uploads\/2022\/08\/WhatsApp-Image-2022-08-05-at-12.16.25-PM.jpeg'><img loading=\"lazy\" decoding=\"async\" width=\"150\" height=\"150\" src=\"https:\/\/www.rivera.gub.uy\/medioambiente\/wp-content\/uploads\/2022\/08\/WhatsApp-Image-2022-08-05-at-12.16.25-PM-150x150.jpeg\" class=\"attachment-thumbnail size-thumbnail\" alt=\"\" srcset=\"https:\/\/www.rivera.gub.uy\/medioambiente\/wp-content\/uploads\/2022\/08\/WhatsApp-Image-2022-08-05-at-12.16.25-PM-150x150.jpeg 150w, https:\/\/www.rivera.gub.uy\/medioambiente\/wp-content\/uploads\/2022\/08\/WhatsApp-Image-2022-08-05-at-12.16.25-PM-300x300.jpeg 300w, https:\/\/www.rivera.gub.uy\/medioambiente\/wp-content\/uploads\/2022\/08\/WhatsApp-Image-2022-08-05-at-12.16.25-PM-1024x1024.jpeg 1024w, https:\/\/www.rivera.gub.uy\/medioambiente\/wp-content\/uploads\/2022\/08\/WhatsApp-Image-2022-08-05-at-12.16.25-PM-768x768.jpeg 768w, https:\/\/www.rivera.gub.uy\/medioambiente\/wp-content\/uploads\/2022\/08\/WhatsApp-Image-2022-08-05-at-12.16.25-PM-820x820.jpeg 820w, https:\/\/www.rivera.gub.uy\/medioambiente\/wp-content\/uploads\/2022\/08\/WhatsApp-Image-2022-08-05-at-12.16.25-PM.jpeg 1080w\" sizes=\"(max-width: 150px) 100vw, 150px\" \/><\/a>\n\t\t\t<\/div><\/figure><figure class='gallery-item'>\n\t\t\t<div class='gallery-icon landscape'>\n\t\t\t\t<a href='https:\/\/www.rivera.gub.uy\/medioambiente\/wp-content\/uploads\/2022\/08\/WhatsApp-Image-2022-08-05-at-12.16.26-PM-1.jpeg'><img loading=\"lazy\" decoding=\"async\" width=\"150\" height=\"150\" src=\"https:\/\/www.rivera.gub.uy\/medioambiente\/wp-content\/uploads\/2022\/08\/WhatsApp-Image-2022-08-05-at-12.16.26-PM-1-150x150.jpeg\" class=\"attachment-thumbnail size-thumbnail\" alt=\"\" srcset=\"https:\/\/www.rivera.gub.uy\/medioambiente\/wp-content\/uploads\/2022\/08\/WhatsApp-Image-2022-08-05-at-12.16.26-PM-1-150x150.jpeg 150w, https:\/\/www.rivera.gub.uy\/medioambiente\/wp-content\/uploads\/2022\/08\/WhatsApp-Image-2022-08-05-at-12.16.26-PM-1-300x300.jpeg 300w, https:\/\/www.rivera.gub.uy\/medioambiente\/wp-content\/uploads\/2022\/08\/WhatsApp-Image-2022-08-05-at-12.16.26-PM-1-1024x1024.jpeg 1024w, https:\/\/www.rivera.gub.uy\/medioambiente\/wp-content\/uploads\/2022\/08\/WhatsApp-Image-2022-08-05-at-12.16.26-PM-1-768x768.jpeg 768w, https:\/\/www.rivera.gub.uy\/medioambiente\/wp-content\/uploads\/2022\/08\/WhatsApp-Image-2022-08-05-at-12.16.26-PM-1-820x820.jpeg 820w, https:\/\/www.rivera.gub.uy\/medioambiente\/wp-content\/uploads\/2022\/08\/WhatsApp-Image-2022-08-05-at-12.16.26-PM-1.jpeg 1080w\" sizes=\"(max-width: 150px) 100vw, 150px\" \/><\/a>\n\t\t\t<\/div><\/figure><figure class='gallery-item'>\n\t\t\t<div class='gallery-icon landscape'>\n\t\t\t\t<a href='https:\/\/www.rivera.gub.uy\/medioambiente\/wp-content\/uploads\/2022\/08\/WhatsApp-Image-2022-08-05-at-12.16.26-PM.jpeg'><img loading=\"lazy\" decoding=\"async\" width=\"150\" height=\"150\" src=\"https:\/\/www.rivera.gub.uy\/medioambiente\/wp-content\/uploads\/2022\/08\/WhatsApp-Image-2022-08-05-at-12.16.26-PM-150x150.jpeg\" class=\"attachment-thumbnail size-thumbnail\" alt=\"\" srcset=\"https:\/\/www.rivera.gub.uy\/medioambiente\/wp-content\/uploads\/2022\/08\/WhatsApp-Image-2022-08-05-at-12.16.26-PM-150x150.jpeg 150w, https:\/\/www.rivera.gub.uy\/medioambiente\/wp-content\/uploads\/2022\/08\/WhatsApp-Image-2022-08-05-at-12.16.26-PM-300x300.jpeg 300w, https:\/\/www.rivera.gub.uy\/medioambiente\/wp-content\/uploads\/2022\/08\/WhatsApp-Image-2022-08-05-at-12.16.26-PM-1024x1024.jpeg 1024w, https:\/\/www.rivera.gub.uy\/medioambiente\/wp-content\/uploads\/2022\/08\/WhatsApp-Image-2022-08-05-at-12.16.26-PM-768x768.jpeg 768w, https:\/\/www.rivera.gub.uy\/medioambiente\/wp-content\/uploads\/2022\/08\/WhatsApp-Image-2022-08-05-at-12.16.26-PM-820x820.jpeg 820w, https:\/\/www.rivera.gub.uy\/medioambiente\/wp-content\/uploads\/2022\/08\/WhatsApp-Image-2022-08-05-at-12.16.26-PM.jpeg 1080w\" sizes=\"(max-width: 150px) 100vw, 150px\" \/><\/a>\n\t\t\t<\/div><\/figure>\n\t\t<\/div>\n\n","protected":false},"excerpt":{"rendered":"<p>En los meses de agosto, setiembre y octubre de 2022 se desarrollar\u00e1n en Rivera, Tranqueras y Vichadero talleres dirigidos a empresas para desarrollar emprendimientos, que incluyen Exel b\u00e1sico y Marketing Digital.<\/p>\n","protected":false},"author":1,"featured_media":3230,"comment_status":"open","ping_status":"open","sticky":false,"template":"","format":"standard","meta":{"footnotes":""},"categories":[1],"tags":[],"_links":{"self":[{"href":"https:\/\/www.rivera.gub.uy\/medioambiente\/wp-json\/wp\/v2\/posts\/3224"}],"collection":[{"href":"https:\/\/www.rivera.gub.uy\/medioambiente\/wp-json\/wp\/v2\/posts"}],"about":[{"href":"https:\/\/www.rivera.gub.uy\/medioambiente\/wp-json\/wp\/v2\/types\/post"}],"author":[{"embeddable":true,"href":"https:\/\/www.rivera.gub.uy\/medioambiente\/wp-json\/wp\/v2\/users\/1"}],"replies":[{"embeddable":true,"href":"https:\/\/www.rivera.gub.uy\/medioambiente\/wp-json\/wp\/v2\/comments?post=3224"}],"version-history":[{"count":1,"href":"https:\/\/www.rivera.gub.uy\/medioambiente\/wp-json\/wp\/v2\/posts\/3224\/revisions"}],"predecessor-version":[{"id":3231,"href":"https:\/\/www.rivera.gub.uy\/medioambiente\/wp-json\/wp\/v2\/posts\/3224\/revisions\/3231"}],"wp:featuredmedia":[{"embeddable":true,"href":"https:\/\/www.rivera.gub.uy\/medioambiente\/wp-json\/wp\/v2\/media\/3230"}],"wp:attachment":[{"href":"https:\/\/www.rivera.gub.uy\/medioambiente\/wp-json\/wp\/v2\/media?parent=3224"}],"wp:term":[{"taxonomy":"category","embeddable":true,"href":"https:\/\/www.rivera.gub.uy\/medioambiente\/wp-json\/wp\/v2\/categories?post=3224"},{"taxonomy":"post_tag","embeddable":true,"href":"https:\/\/www.rivera.gub.uy\/medioambiente\/wp-json\/wp\/v2\/tags?post=3224"}],"curies":[{"name":"wp","href":"https:\/\/api.w.org\/{rel}","templated":true}]}}