{"id":3279,"date":"2022-09-15T13:54:24","date_gmt":"2022-09-15T13:54:24","guid":{"rendered":"https:\/\/www.rivera.gub.uy\/medioambiente\/?p=3279"},"modified":"2022-09-15T13:54:24","modified_gmt":"2022-09-15T13:54:24","slug":"lanzamiento-del-catalogo-lana-cuero","status":"publish","type":"post","link":"https:\/\/www.rivera.gub.uy\/medioambiente\/lanzamiento-del-catalogo-lana-cuero\/","title":{"rendered":"Lanzamiento del cat\u00e1logo \u00abLana &#038; Cuero\u00bb"},"content":{"rendered":"<p>En el marco del Primer Encuentro Nacional de Tejedoras Artesanales del Uruguay, la IDR realizar\u00e1 el lanzamiento del Cat\u00e1logo \u00abLana &amp; Cuero\u00bb de las Mujeres Rurales del Paisaje Protegido Valle del Lunarejo Flordelana y la emprendedora \u00d1acurut\u00fa. <!--more--><\/p>\n<p>El evento se llevar\u00e1 a cabo el d\u00eda s\u00e1bado 17 de setiembre, a las 15 horas, en el Galp\u00f3n de Ventas de la Expo Prado 2022.<\/p>\n<p>&nbsp;<\/p>\n<p><a href=\"https:\/\/www.rivera.gub.uy\/medioambiente\/wp-content\/uploads\/2022\/09\/ff_Mesa-de-trabajo-1-scaled.jpg\"><img loading=\"lazy\" decoding=\"async\" class=\"aligncenter wp-image-3280 size-medium\" src=\"https:\/\/www.rivera.gub.uy\/medioambiente\/wp-content\/uploads\/2022\/09\/ff_Mesa-de-trabajo-1-300x212.jpg\" alt=\"\" width=\"300\" height=\"212\" srcset=\"https:\/\/www.rivera.gub.uy\/medioambiente\/wp-content\/uploads\/2022\/09\/ff_Mesa-de-trabajo-1-300x212.jpg 300w, https:\/\/www.rivera.gub.uy\/medioambiente\/wp-content\/uploads\/2022\/09\/ff_Mesa-de-trabajo-1-1024x724.jpg 1024w, https:\/\/www.rivera.gub.uy\/medioambiente\/wp-content\/uploads\/2022\/09\/ff_Mesa-de-trabajo-1-768x543.jpg 768w, https:\/\/www.rivera.gub.uy\/medioambiente\/wp-content\/uploads\/2022\/09\/ff_Mesa-de-trabajo-1-1536x1086.jpg 1536w, https:\/\/www.rivera.gub.uy\/medioambiente\/wp-content\/uploads\/2022\/09\/ff_Mesa-de-trabajo-1-2048x1448.jpg 2048w, https:\/\/www.rivera.gub.uy\/medioambiente\/wp-content\/uploads\/2022\/09\/ff_Mesa-de-trabajo-1-820x580.jpg 820w\" sizes=\"(max-width: 300px) 100vw, 300px\" \/><\/a><\/p>\n<p>&nbsp;<\/p>\n<p>Cat\u00e1logo (<a href=\"https:\/\/drive.google.com\/drive\/folders\/15WIkPOhlZYw1xwSETb_n3_WAfuOvG7nQ?usp=sharing\" target=\"_blank\" rel=\"noopener\">descargar<\/a>)<\/p>\n<p>&nbsp;<\/p>\n","protected":false},"excerpt":{"rendered":"<p>En el marco del Primer Encuentro Nacional de Tejedoras Artesanales del Uruguay, la IDR realizar\u00e1 el lanzamiento del Cat\u00e1logo \u00abLana &amp; Cuero\u00bb de las Mujeres Rurales del Paisaje Protegido Valle del Lunarejo Flordelana y la emprendedora \u00d1acurut\u00fa.<\/p>\n","protected":false},"author":2,"featured_media":3281,"comment_status":"open","ping_status":"open","sticky":false,"template":"","format":"standard","meta":{"footnotes":""},"categories":[1],"tags":[],"_links":{"self":[{"href":"https:\/\/www.rivera.gub.uy\/medioambiente\/wp-json\/wp\/v2\/posts\/3279"}],"collection":[{"href":"https:\/\/www.rivera.gub.uy\/medioambiente\/wp-json\/wp\/v2\/posts"}],"about":[{"href":"https:\/\/www.rivera.gub.uy\/medioambiente\/wp-json\/wp\/v2\/types\/post"}],"author":[{"embeddable":true,"href":"https:\/\/www.rivera.gub.uy\/medioambiente\/wp-json\/wp\/v2\/users\/2"}],"replies":[{"embeddable":true,"href":"https:\/\/www.rivera.gub.uy\/medioambiente\/wp-json\/wp\/v2\/comments?post=3279"}],"version-history":[{"count":1,"href":"https:\/\/www.rivera.gub.uy\/medioambiente\/wp-json\/wp\/v2\/posts\/3279\/revisions"}],"predecessor-version":[{"id":3282,"href":"https:\/\/www.rivera.gub.uy\/medioambiente\/wp-json\/wp\/v2\/posts\/3279\/revisions\/3282"}],"wp:featuredmedia":[{"embeddable":true,"href":"https:\/\/www.rivera.gub.uy\/medioambiente\/wp-json\/wp\/v2\/media\/3281"}],"wp:attachment":[{"href":"https:\/\/www.rivera.gub.uy\/medioambiente\/wp-json\/wp\/v2\/media?parent=3279"}],"wp:term":[{"taxonomy":"category","embeddable":true,"href":"https:\/\/www.rivera.gub.uy\/medioambiente\/wp-json\/wp\/v2\/categories?post=3279"},{"taxonomy":"post_tag","embeddable":true,"href":"https:\/\/www.rivera.gub.uy\/medioambiente\/wp-json\/wp\/v2\/tags?post=3279"}],"curies":[{"name":"wp","href":"https:\/\/api.w.org\/{rel}","templated":true}]}}