{"id":3294,"date":"2022-09-22T12:41:04","date_gmt":"2022-09-22T12:41:04","guid":{"rendered":"https:\/\/www.rivera.gub.uy\/medioambiente\/?p=3294"},"modified":"2022-09-22T12:41:04","modified_gmt":"2022-09-22T12:41:04","slug":"curso-presencial-mediciones-eficaces-para-la-mejora-de-la-productividad-en-aserraderos","status":"publish","type":"post","link":"https:\/\/www.rivera.gub.uy\/medioambiente\/curso-presencial-mediciones-eficaces-para-la-mejora-de-la-productividad-en-aserraderos\/","title":{"rendered":"Curso presencial: Mediciones eficaces para la mejora de la productividad en aserraderos"},"content":{"rendered":"<p>El martes 27 de setiembre, de 18 a 19:30 horas, se llevar\u00e1 a cabo el curso sobre\u00a0 \u00abMediciones eficaces para la mejora de la productividad en aserraderos\u00bb, en el Centro Artigas Uruguay de Tranqueras.<\/p>\n<p><!--more--><\/p>\n<p>Los interesados podr\u00e1n solicitar inscripci\u00f3n completando el siguiente formulario (<a href=\"https:\/\/forms.office.com\/pages\/responsepage.aspx?id=VldxJCqI20izL26jG7yGT-JHSxOlT9hLuSebPIJnkkxURDZENlU0RjkxOTJNNlZEUTlXRE1XRjg1Uy4u\">click aqu\u00ed<\/a>).<\/p>\n<p>Por otra parte, los aserraderos que quieran recibir asistencia t\u00e9cnica metrol\u00f3gica en sus empresas por metr\u00f3logos del LATU, podr\u00e1n inscribirse <a href=\"https:\/\/forms.office.com\/pages\/responsepage.aspx?id=VldxJCqI20izL26jG7yGT-JHSxOlT9hLuSebPIJnkkxUMlVFNjlWVFZCOFlJWldLRDZWMjRQOUJVUi4u\">aqu\u00ed (click aqu\u00ed)<\/a>.<\/p>\n<p>&nbsp;<\/p>\n<p><a href=\"https:\/\/www.rivera.gub.uy\/medioambiente\/wp-content\/uploads\/2022\/09\/WhatsApp-Image-2022-09-21-at-1.31.08-PM.jpeg\"><img loading=\"lazy\" decoding=\"async\" class=\"aligncenter size-medium wp-image-3298\" src=\"https:\/\/www.rivera.gub.uy\/medioambiente\/wp-content\/uploads\/2022\/09\/WhatsApp-Image-2022-09-21-at-1.31.08-PM-203x300.jpeg\" alt=\"\" width=\"203\" height=\"300\" srcset=\"https:\/\/www.rivera.gub.uy\/medioambiente\/wp-content\/uploads\/2022\/09\/WhatsApp-Image-2022-09-21-at-1.31.08-PM-203x300.jpeg 203w, https:\/\/www.rivera.gub.uy\/medioambiente\/wp-content\/uploads\/2022\/09\/WhatsApp-Image-2022-09-21-at-1.31.08-PM.jpeg 596w\" sizes=\"(max-width: 203px) 100vw, 203px\" \/><\/a><\/p>\n<p>&nbsp;<\/p>\n","protected":false},"excerpt":{"rendered":"<p>El martes 27 de setiembre, de 18 a 19:30 horas, se llevar\u00e1 a cabo el curso sobre\u00a0 \u00abMediciones eficaces para la mejora de la productividad en aserraderos\u00bb, en el Centro Artigas Uruguay de Tranqueras.<\/p>\n","protected":false},"author":2,"featured_media":3300,"comment_status":"open","ping_status":"open","sticky":false,"template":"","format":"standard","meta":{"footnotes":""},"categories":[1],"tags":[],"_links":{"self":[{"href":"https:\/\/www.rivera.gub.uy\/medioambiente\/wp-json\/wp\/v2\/posts\/3294"}],"collection":[{"href":"https:\/\/www.rivera.gub.uy\/medioambiente\/wp-json\/wp\/v2\/posts"}],"about":[{"href":"https:\/\/www.rivera.gub.uy\/medioambiente\/wp-json\/wp\/v2\/types\/post"}],"author":[{"embeddable":true,"href":"https:\/\/www.rivera.gub.uy\/medioambiente\/wp-json\/wp\/v2\/users\/2"}],"replies":[{"embeddable":true,"href":"https:\/\/www.rivera.gub.uy\/medioambiente\/wp-json\/wp\/v2\/comments?post=3294"}],"version-history":[{"count":4,"href":"https:\/\/www.rivera.gub.uy\/medioambiente\/wp-json\/wp\/v2\/posts\/3294\/revisions"}],"predecessor-version":[{"id":3299,"href":"https:\/\/www.rivera.gub.uy\/medioambiente\/wp-json\/wp\/v2\/posts\/3294\/revisions\/3299"}],"wp:featuredmedia":[{"embeddable":true,"href":"https:\/\/www.rivera.gub.uy\/medioambiente\/wp-json\/wp\/v2\/media\/3300"}],"wp:attachment":[{"href":"https:\/\/www.rivera.gub.uy\/medioambiente\/wp-json\/wp\/v2\/media?parent=3294"}],"wp:term":[{"taxonomy":"category","embeddable":true,"href":"https:\/\/www.rivera.gub.uy\/medioambiente\/wp-json\/wp\/v2\/categories?post=3294"},{"taxonomy":"post_tag","embeddable":true,"href":"https:\/\/www.rivera.gub.uy\/medioambiente\/wp-json\/wp\/v2\/tags?post=3294"}],"curies":[{"name":"wp","href":"https:\/\/api.w.org\/{rel}","templated":true}]}}