{"id":3302,"date":"2022-09-22T12:50:09","date_gmt":"2022-09-22T12:50:09","guid":{"rendered":"https:\/\/www.rivera.gub.uy\/medioambiente\/?p=3302"},"modified":"2023-02-10T14:12:01","modified_gmt":"2023-02-10T14:12:01","slug":"llamado-a-consultores-as-para-estudio-economico-territorial-ii-en-rivera","status":"publish","type":"post","link":"https:\/\/www.rivera.gub.uy\/medioambiente\/llamado-a-consultores-as-para-estudio-economico-territorial-ii-en-rivera\/","title":{"rendered":"Llamado a consultores\/as para Estudio Econ\u00f3mico Territorial II en Rivera"},"content":{"rendered":"<p>El Centro Pyme de Rivera convoca instituciones y\/o equipos consultores para realizar Estudio Econ\u00f3mico Territorial en el Departamento.<!--more--><\/p>\n<p>Se pretende que esta consultor\u00eda mensure las diferencias de precios existentes entre las ciudades de Rivera y Santana do Livramento (Brasil) para una canasta de bienes y servicios seleccionados.<\/p>\n<p>Asimismo, se espera la identificaci\u00f3n de factores determinantes en ambos lados de la frontera que expliquen las dificultades de competir por parte de la ciudad uruguaya. Esta informaci\u00f3n ser\u00e1 de gran val\u00eda para la generaci\u00f3n de pol\u00edticas de fronteras y para el sector empresarial local.<\/p>\n<p>Las propuestas deben ser enviadas en formato digital a trav\u00e9s del correo electr\u00f3nico <a href=\"mailto:rivera@centros.uy\">rivera@centros.uy<\/a> hasta el <strong>3 de octubre a las 17 hs<\/strong>.<\/p>\n<p>Bases (<a href=\"https:\/\/www.rivera.gub.uy\/medioambiente\/wp-content\/uploads\/2022\/09\/TDR-ESTUDIO-TERRITORIAL_V3.pdf\" target=\"_blank\" rel=\"noopener\">descargar<\/a>)<\/p>\n<p>&nbsp;<\/p>\n","protected":false},"excerpt":{"rendered":"<p>El Centro Pyme de Rivera convoca instituciones y\/o equipos consultores para realizar Estudio Econ\u00f3mico Territorial en el Departamento.<\/p>\n","protected":false},"author":2,"featured_media":2960,"comment_status":"open","ping_status":"open","sticky":false,"template":"","format":"standard","meta":{"footnotes":""},"categories":[1],"tags":[],"_links":{"self":[{"href":"https:\/\/www.rivera.gub.uy\/medioambiente\/wp-json\/wp\/v2\/posts\/3302"}],"collection":[{"href":"https:\/\/www.rivera.gub.uy\/medioambiente\/wp-json\/wp\/v2\/posts"}],"about":[{"href":"https:\/\/www.rivera.gub.uy\/medioambiente\/wp-json\/wp\/v2\/types\/post"}],"author":[{"embeddable":true,"href":"https:\/\/www.rivera.gub.uy\/medioambiente\/wp-json\/wp\/v2\/users\/2"}],"replies":[{"embeddable":true,"href":"https:\/\/www.rivera.gub.uy\/medioambiente\/wp-json\/wp\/v2\/comments?post=3302"}],"version-history":[{"count":6,"href":"https:\/\/www.rivera.gub.uy\/medioambiente\/wp-json\/wp\/v2\/posts\/3302\/revisions"}],"predecessor-version":[{"id":4582,"href":"https:\/\/www.rivera.gub.uy\/medioambiente\/wp-json\/wp\/v2\/posts\/3302\/revisions\/4582"}],"wp:featuredmedia":[{"embeddable":true,"href":"https:\/\/www.rivera.gub.uy\/medioambiente\/wp-json\/wp\/v2\/media\/2960"}],"wp:attachment":[{"href":"https:\/\/www.rivera.gub.uy\/medioambiente\/wp-json\/wp\/v2\/media?parent=3302"}],"wp:term":[{"taxonomy":"category","embeddable":true,"href":"https:\/\/www.rivera.gub.uy\/medioambiente\/wp-json\/wp\/v2\/categories?post=3302"},{"taxonomy":"post_tag","embeddable":true,"href":"https:\/\/www.rivera.gub.uy\/medioambiente\/wp-json\/wp\/v2\/tags?post=3302"}],"curies":[{"name":"wp","href":"https:\/\/api.w.org\/{rel}","templated":true}]}}