{"id":3433,"date":"2022-10-26T16:06:09","date_gmt":"2022-10-26T16:06:09","guid":{"rendered":"https:\/\/www.rivera.gub.uy\/medioambiente\/?p=3433"},"modified":"2022-10-26T22:27:04","modified_gmt":"2022-10-26T22:27:04","slug":"taller-de-mantenimiento-y-limpieza-de-maquinarias-y-herramientas-de-carpinteria","status":"publish","type":"post","link":"https:\/\/www.rivera.gub.uy\/medioambiente\/taller-de-mantenimiento-y-limpieza-de-maquinarias-y-herramientas-de-carpinteria\/","title":{"rendered":"Taller de Mantenimiento y Limpieza de Maquinarias y Herramientas de Carpinter\u00eda"},"content":{"rendered":"<p>Inscripciones abiertas para el \u00abTaller de mantenimiento y limpieza de maquinarias y herramientas de carpinter\u00eda\u00bb enmarcado dentro del programa Rivera<br \/>\nPacta por la Inclusi\u00f3n Social, Proyecto Afrofronterizo, que se realizar\u00e1 los d\u00edas lunes 31 de octubre y lunes 7 de noviembre de 2022. <!--more--><\/p>\n<p>El mismo tendr\u00e1 lugar en el Polo de Desarrollo de Rivera (Pte. Gir\u00f3 1804), de 9:00 a 12:00 horas, con traslado desde la Intendencia Departamental de Rivera (Agraciada 570).<\/p>\n<p><strong>Requisitos:<\/strong><\/p>\n<ul>\n<li>Ser mayor de 18 a\u00f1os<\/li>\n<li>Ser afrodescendiente (no excluyente)<\/li>\n<li>Poseer conocimientos b\u00e1sicos en carpinter\u00eda<\/li>\n<li>Inscripciones hasta el d\u00eda viernes 28 de octubre, de 8 a 13 horas, en la Oficina de Inclusi\u00f3n Social de la I.D.R.(1er piso)<\/li>\n<\/ul>\n","protected":false},"excerpt":{"rendered":"<p>Inscripciones abiertas para el \u00abTaller de mantenimiento y limpieza de maquinarias y herramientas de carpinter\u00eda\u00bb enmarcado dentro del programa Rivera Pacta por la Inclusi\u00f3n Social, Proyecto Afrofronterizo, que se realizar\u00e1 los d\u00edas lunes 31 de octubre y lunes 7 de noviembre de 2022.<\/p>\n","protected":false},"author":2,"featured_media":2351,"comment_status":"open","ping_status":"open","sticky":false,"template":"","format":"standard","meta":{"footnotes":""},"categories":[1],"tags":[],"_links":{"self":[{"href":"https:\/\/www.rivera.gub.uy\/medioambiente\/wp-json\/wp\/v2\/posts\/3433"}],"collection":[{"href":"https:\/\/www.rivera.gub.uy\/medioambiente\/wp-json\/wp\/v2\/posts"}],"about":[{"href":"https:\/\/www.rivera.gub.uy\/medioambiente\/wp-json\/wp\/v2\/types\/post"}],"author":[{"embeddable":true,"href":"https:\/\/www.rivera.gub.uy\/medioambiente\/wp-json\/wp\/v2\/users\/2"}],"replies":[{"embeddable":true,"href":"https:\/\/www.rivera.gub.uy\/medioambiente\/wp-json\/wp\/v2\/comments?post=3433"}],"version-history":[{"count":4,"href":"https:\/\/www.rivera.gub.uy\/medioambiente\/wp-json\/wp\/v2\/posts\/3433\/revisions"}],"predecessor-version":[{"id":3449,"href":"https:\/\/www.rivera.gub.uy\/medioambiente\/wp-json\/wp\/v2\/posts\/3433\/revisions\/3449"}],"wp:featuredmedia":[{"embeddable":true,"href":"https:\/\/www.rivera.gub.uy\/medioambiente\/wp-json\/wp\/v2\/media\/2351"}],"wp:attachment":[{"href":"https:\/\/www.rivera.gub.uy\/medioambiente\/wp-json\/wp\/v2\/media?parent=3433"}],"wp:term":[{"taxonomy":"category","embeddable":true,"href":"https:\/\/www.rivera.gub.uy\/medioambiente\/wp-json\/wp\/v2\/categories?post=3433"},{"taxonomy":"post_tag","embeddable":true,"href":"https:\/\/www.rivera.gub.uy\/medioambiente\/wp-json\/wp\/v2\/tags?post=3433"}],"curies":[{"name":"wp","href":"https:\/\/api.w.org\/{rel}","templated":true}]}}