{"id":3592,"date":"2022-11-18T17:54:08","date_gmt":"2022-11-18T17:54:08","guid":{"rendered":"https:\/\/www.rivera.gub.uy\/medioambiente\/?p=3592"},"modified":"2022-11-18T17:54:08","modified_gmt":"2022-11-18T17:54:08","slug":"agenda-binacional-de-juventudes","status":"publish","type":"post","link":"https:\/\/www.rivera.gub.uy\/medioambiente\/agenda-binacional-de-juventudes\/","title":{"rendered":"Agenda Binacional de Juventudes"},"content":{"rendered":"<p>Este viernes 18 de noviembre, se llevar\u00e1 a cabo el Col\u00f3quio Transfronteiri\u00e7o Rivera \u2013 Livramento: J\u00f3venes, Fronteras y Pol\u00edticas p\u00fablicas, en el marco de la estrategia de \u201cNo dejar a nadie atr\u00e1s\u201d.<\/p>\n<p>El evento tendr\u00e1 lugar en la sede de UNIPAMPA (Bar\u00e3o do Triunfo, 1048, Livramento), de 17 a 20 horas. <!--more--><\/p>\n<p>El Coloquio transfronterizo Livramento-Rivera tiene como objetivo generar un espacio de di\u00e1logo para el dise\u00f1o e implementaci\u00f3n de pol\u00edticas, programas y proyectos con foco en adolescencia y juventud (AJ), afrodescendientes, migrantes y las oportunidades que se abren en el marco de la Agenda 2030 promovida por Naciones Unidas. La estrategia de la Agenda 2030 de \u201cNo dejar nadie atr\u00e1s\u201d, orientada a la igualdad de oportunidades y la no discriminaci\u00f3n, es el eje del encuentro que nos convoca con foco en frontera.<\/p>\n<p>&nbsp;<\/p>\n<p>Agenda de trabajo (<a href=\"https:\/\/www.rivera.gub.uy\/medioambiente\/wp-content\/uploads\/2022\/11\/DOC-20221111-WA0064.-2.pdf\" target=\"_blank\" rel=\"noopener\">descargar<\/a>)<\/p>\n","protected":false},"excerpt":{"rendered":"<p>Este viernes 18 de noviembre, se llevar\u00e1 a cabo el Col\u00f3quio Transfronteiri\u00e7o Rivera \u2013 Livramento: J\u00f3venes, Fronteras y Pol\u00edticas p\u00fablicas, en el marco de la estrategia de \u201cNo dejar a nadie atr\u00e1s\u201d. El evento tendr\u00e1 lugar en la sede de UNIPAMPA (Bar\u00e3o do Triunfo, 1048, Livramento), de 17 a 20 horas.<\/p>\n","protected":false},"author":2,"featured_media":3594,"comment_status":"open","ping_status":"open","sticky":false,"template":"","format":"standard","meta":{"footnotes":""},"categories":[1],"tags":[],"_links":{"self":[{"href":"https:\/\/www.rivera.gub.uy\/medioambiente\/wp-json\/wp\/v2\/posts\/3592"}],"collection":[{"href":"https:\/\/www.rivera.gub.uy\/medioambiente\/wp-json\/wp\/v2\/posts"}],"about":[{"href":"https:\/\/www.rivera.gub.uy\/medioambiente\/wp-json\/wp\/v2\/types\/post"}],"author":[{"embeddable":true,"href":"https:\/\/www.rivera.gub.uy\/medioambiente\/wp-json\/wp\/v2\/users\/2"}],"replies":[{"embeddable":true,"href":"https:\/\/www.rivera.gub.uy\/medioambiente\/wp-json\/wp\/v2\/comments?post=3592"}],"version-history":[{"count":1,"href":"https:\/\/www.rivera.gub.uy\/medioambiente\/wp-json\/wp\/v2\/posts\/3592\/revisions"}],"predecessor-version":[{"id":3595,"href":"https:\/\/www.rivera.gub.uy\/medioambiente\/wp-json\/wp\/v2\/posts\/3592\/revisions\/3595"}],"wp:featuredmedia":[{"embeddable":true,"href":"https:\/\/www.rivera.gub.uy\/medioambiente\/wp-json\/wp\/v2\/media\/3594"}],"wp:attachment":[{"href":"https:\/\/www.rivera.gub.uy\/medioambiente\/wp-json\/wp\/v2\/media?parent=3592"}],"wp:term":[{"taxonomy":"category","embeddable":true,"href":"https:\/\/www.rivera.gub.uy\/medioambiente\/wp-json\/wp\/v2\/categories?post=3592"},{"taxonomy":"post_tag","embeddable":true,"href":"https:\/\/www.rivera.gub.uy\/medioambiente\/wp-json\/wp\/v2\/tags?post=3592"}],"curies":[{"name":"wp","href":"https:\/\/api.w.org\/{rel}","templated":true}]}}