{"id":4583,"date":"2023-02-10T14:31:23","date_gmt":"2023-02-10T14:31:23","guid":{"rendered":"https:\/\/www.rivera.gub.uy\/medioambiente\/?p=4583"},"modified":"2023-02-10T14:31:54","modified_gmt":"2023-02-10T14:31:54","slug":"programa-de-apoyo-integral-a-emprendedores","status":"publish","type":"post","link":"https:\/\/www.rivera.gub.uy\/medioambiente\/programa-de-apoyo-integral-a-emprendedores\/","title":{"rendered":"Programa de Apoyo Integral a Emprendedores"},"content":{"rendered":"<p>El Centro Pyme de Rivera convoca a interesados, mayores de 18 a\u00f1os, a participar del \u00abPrograma de Apoyo Integral a Emprendedores\u00bb, que acompa\u00f1a al emprendedor desde la generaci\u00f3n de la idea hasta la puesta en marcha del emprendimiento.<!--more--><span id=\"more-2628\"><\/span><\/p>\n<p>Las inscripciones estar\u00e1n abiertas hasta el d\u00eda 20 de marzo de 2023.<\/p>\n<p>Los interesados pueden informarse en el Centro Pyme de Rivera (Monse\u00f1or Vera 1119), v\u00eda correo electr\u00f3nico (<a href=\"mailto:rivera@centros.uy\">rivera@centros.uy<\/a>) y a trav\u00e9s del <a href=\"tel:+59892231677\">092 231 677<\/a>.<\/p>\n<p>&nbsp;<\/p>\n<p><a href=\"https:\/\/www.rivera.gub.uy\/medioambiente\/wp-content\/uploads\/2023\/02\/WhatsApp-Image-2023-02-10-at-10.53.34-AM.jpeg\"><img loading=\"lazy\" decoding=\"async\" class=\"aligncenter wp-image-4585 size-medium\" src=\"https:\/\/www.rivera.gub.uy\/medioambiente\/wp-content\/uploads\/2023\/02\/WhatsApp-Image-2023-02-10-at-10.53.34-AM-300x300.jpeg\" alt=\"\" width=\"300\" height=\"300\" srcset=\"https:\/\/www.rivera.gub.uy\/medioambiente\/wp-content\/uploads\/2023\/02\/WhatsApp-Image-2023-02-10-at-10.53.34-AM-300x300.jpeg 300w, https:\/\/www.rivera.gub.uy\/medioambiente\/wp-content\/uploads\/2023\/02\/WhatsApp-Image-2023-02-10-at-10.53.34-AM-1024x1024.jpeg 1024w, https:\/\/www.rivera.gub.uy\/medioambiente\/wp-content\/uploads\/2023\/02\/WhatsApp-Image-2023-02-10-at-10.53.34-AM-150x150.jpeg 150w, https:\/\/www.rivera.gub.uy\/medioambiente\/wp-content\/uploads\/2023\/02\/WhatsApp-Image-2023-02-10-at-10.53.34-AM-768x768.jpeg 768w, https:\/\/www.rivera.gub.uy\/medioambiente\/wp-content\/uploads\/2023\/02\/WhatsApp-Image-2023-02-10-at-10.53.34-AM-820x820.jpeg 820w, https:\/\/www.rivera.gub.uy\/medioambiente\/wp-content\/uploads\/2023\/02\/WhatsApp-Image-2023-02-10-at-10.53.34-AM.jpeg 1080w\" sizes=\"(max-width: 300px) 100vw, 300px\" \/><\/a><\/p>\n","protected":false},"excerpt":{"rendered":"<p>El Centro Pyme de Rivera convoca a interesados, mayores de 18 a\u00f1os, a participar del \u00abPrograma de Apoyo Integral a Emprendedores\u00bb, que acompa\u00f1a al emprendedor desde la generaci\u00f3n de la idea hasta la puesta en marcha del emprendimiento.<\/p>\n","protected":false},"author":2,"featured_media":4584,"comment_status":"open","ping_status":"open","sticky":false,"template":"","format":"standard","meta":{"footnotes":""},"categories":[1],"tags":[],"_links":{"self":[{"href":"https:\/\/www.rivera.gub.uy\/medioambiente\/wp-json\/wp\/v2\/posts\/4583"}],"collection":[{"href":"https:\/\/www.rivera.gub.uy\/medioambiente\/wp-json\/wp\/v2\/posts"}],"about":[{"href":"https:\/\/www.rivera.gub.uy\/medioambiente\/wp-json\/wp\/v2\/types\/post"}],"author":[{"embeddable":true,"href":"https:\/\/www.rivera.gub.uy\/medioambiente\/wp-json\/wp\/v2\/users\/2"}],"replies":[{"embeddable":true,"href":"https:\/\/www.rivera.gub.uy\/medioambiente\/wp-json\/wp\/v2\/comments?post=4583"}],"version-history":[{"count":1,"href":"https:\/\/www.rivera.gub.uy\/medioambiente\/wp-json\/wp\/v2\/posts\/4583\/revisions"}],"predecessor-version":[{"id":4586,"href":"https:\/\/www.rivera.gub.uy\/medioambiente\/wp-json\/wp\/v2\/posts\/4583\/revisions\/4586"}],"wp:featuredmedia":[{"embeddable":true,"href":"https:\/\/www.rivera.gub.uy\/medioambiente\/wp-json\/wp\/v2\/media\/4584"}],"wp:attachment":[{"href":"https:\/\/www.rivera.gub.uy\/medioambiente\/wp-json\/wp\/v2\/media?parent=4583"}],"wp:term":[{"taxonomy":"category","embeddable":true,"href":"https:\/\/www.rivera.gub.uy\/medioambiente\/wp-json\/wp\/v2\/categories?post=4583"},{"taxonomy":"post_tag","embeddable":true,"href":"https:\/\/www.rivera.gub.uy\/medioambiente\/wp-json\/wp\/v2\/tags?post=4583"}],"curies":[{"name":"wp","href":"https:\/\/api.w.org\/{rel}","templated":true}]}}