{"id":6142,"date":"2023-04-13T13:11:21","date_gmt":"2023-04-13T13:11:21","guid":{"rendered":"https:\/\/www.rivera.gub.uy\/medioambiente\/?p=6142"},"modified":"2023-04-13T13:11:21","modified_gmt":"2023-04-13T13:11:21","slug":"proyecto-plan-capacitacion-en-ti","status":"publish","type":"post","link":"https:\/\/www.rivera.gub.uy\/medioambiente\/proyecto-plan-capacitacion-en-ti\/","title":{"rendered":"Proyecto Plan Capacitaci\u00f3n en TI"},"content":{"rendered":"<p>El proyecto Plan Capacitaci\u00f3n en TI que viene desarrollando la Intendencia Departamental de Rivera a trav\u00e9s de la Divisi\u00f3n Estrategias de la Direcci\u00f3n General de Desarrollo y Medio Ambiente, surge a partir del an\u00e1lisis de las demandas de las empresas TI y las oportunidades laborales para los j\u00f3venes. A partir de ello se percibi\u00f3 la demanda en habilidades blandas, idiomas y \u00a0manejo de software. Para esto se desarroll\u00f3 un plan estrat\u00e9gico que tiene tres grandes l\u00edneas de trabajo, una de ellas es el trabajo con instituciones de educaci\u00f3n terciaria, realizando un relevamiento de estudiantes con sus diferentes perfiles. Otra l\u00ednea es el plan de capacitaci\u00f3n en herramientas inform\u00e1ticas, idiomas y habilidades blandas y la tercera l\u00ednea se enmarca en la b\u00fasqueda activa de empresas del \u00e1rea del call centers y TI para que las mismas puedan establecerse en Rivera.<\/p>\n<p><strong>Pensamiento computacional<\/strong><\/p>\n<p>A partir del 15 de marzo del 2023 se viene\u00a0realizando el curso de pensamiento computacional a cargo de ONG El Abrojo, con 80 estudiantes terciarios inscriptos en el curso. El mismo se realiza en modalidad h\u00edbrida, con encuentros sincr\u00f3nicos y asincr\u00f3nicos por plataforma moodle. Las clases se brindan dos veces por semana y tiene como finalizaci\u00f3n el 22 de abril del mismo a\u00f1o con la entrega de certificado luego de su aprobaci\u00f3n.<\/p>\n<p>El curso tiene como objetivo brindarles a los estudiantes una base pr\u00e1ctica y te\u00f3rica sobre pensamiento computacional y programaci\u00f3n por bloques, mediante diversas metodolog\u00edas did\u00e1cticas destinadas a ni\u00f1os y adolescentes. Adem\u00e1s, pretende abordar la educaci\u00f3n a distancia como tambi\u00e9n la selecci\u00f3n de herramientas y recursos digitales para posibles propuestas remotas.<\/p>\n<p>Pensamiento computacional es una estrategia de aprendizaje que se refiere a un conjunto de competencias para la expresi\u00f3n y resoluci\u00f3n de problemas utilizando la l\u00f3gica de la programaci\u00f3n y el poder de las computadoras. Esta disciplina ser\u00e1 usada en la educaci\u00f3n primaria para alumnos de 4to, 5to y 6to a\u00f1o.<\/p>\n","protected":false},"excerpt":{"rendered":"<p>El proyecto Plan Capacitaci\u00f3n en TI que viene desarrollando la Intendencia Departamental de Rivera a trav\u00e9s de la Divisi\u00f3n Estrategias de la Direcci\u00f3n General de Desarrollo y Medio Ambiente, surge a partir del an\u00e1lisis de las demandas de las empresas TI y las oportunidades laborales para los j\u00f3venes. A partir de ello se percibi\u00f3 la [&hellip;]<\/p>\n","protected":false},"author":2,"featured_media":6143,"comment_status":"open","ping_status":"open","sticky":false,"template":"","format":"standard","meta":{"footnotes":""},"categories":[1],"tags":[],"_links":{"self":[{"href":"https:\/\/www.rivera.gub.uy\/medioambiente\/wp-json\/wp\/v2\/posts\/6142"}],"collection":[{"href":"https:\/\/www.rivera.gub.uy\/medioambiente\/wp-json\/wp\/v2\/posts"}],"about":[{"href":"https:\/\/www.rivera.gub.uy\/medioambiente\/wp-json\/wp\/v2\/types\/post"}],"author":[{"embeddable":true,"href":"https:\/\/www.rivera.gub.uy\/medioambiente\/wp-json\/wp\/v2\/users\/2"}],"replies":[{"embeddable":true,"href":"https:\/\/www.rivera.gub.uy\/medioambiente\/wp-json\/wp\/v2\/comments?post=6142"}],"version-history":[{"count":1,"href":"https:\/\/www.rivera.gub.uy\/medioambiente\/wp-json\/wp\/v2\/posts\/6142\/revisions"}],"predecessor-version":[{"id":6144,"href":"https:\/\/www.rivera.gub.uy\/medioambiente\/wp-json\/wp\/v2\/posts\/6142\/revisions\/6144"}],"wp:featuredmedia":[{"embeddable":true,"href":"https:\/\/www.rivera.gub.uy\/medioambiente\/wp-json\/wp\/v2\/media\/6143"}],"wp:attachment":[{"href":"https:\/\/www.rivera.gub.uy\/medioambiente\/wp-json\/wp\/v2\/media?parent=6142"}],"wp:term":[{"taxonomy":"category","embeddable":true,"href":"https:\/\/www.rivera.gub.uy\/medioambiente\/wp-json\/wp\/v2\/categories?post=6142"},{"taxonomy":"post_tag","embeddable":true,"href":"https:\/\/www.rivera.gub.uy\/medioambiente\/wp-json\/wp\/v2\/tags?post=6142"}],"curies":[{"name":"wp","href":"https:\/\/api.w.org\/{rel}","templated":true}]}}