{"id":6578,"date":"2023-05-19T12:56:08","date_gmt":"2023-05-19T12:56:08","guid":{"rendered":"https:\/\/www.rivera.gub.uy\/medioambiente\/?p=6578"},"modified":"2023-05-19T13:07:02","modified_gmt":"2023-05-19T13:07:02","slug":"rivera-en-modo-digital","status":"publish","type":"post","link":"https:\/\/www.rivera.gub.uy\/medioambiente\/rivera-en-modo-digital\/","title":{"rendered":"Rivera en Modo Digital"},"content":{"rendered":"<p>Se convoca a las micro, peque\u00f1as y medianas empresas (mipymes) a participar del evento <strong>Modo Digital<\/strong> el d\u00eda jueves 25 de mayo a las 18 horas en el Hotel Casino Rivera.<\/p>\n<p>Esta actividad es organizada por la Agencia Nacional de Desarrollo (ANDE) con el apoyo de la Intendencia Departamental de Rivera, la Asociaci\u00f3n Comercial e Industrial de Rivera (ACIR), la Agencia de Desarrollo de Rivera (ADR) y el Centro Pyme; y es totalmente gratuita.<!--more--><\/p>\n<p>El objetivo de la jornada es dar a conocer el valor que aportan las tecnolog\u00edas a las mipymes que a\u00fan no han tenido contacto con ellas por diferentes razones: como desconocimiento de sus beneficios y ventajas, miedo o desconfianza a utilizarlas, confianza en seguir funcionando como lo hac\u00edan hist\u00f3ricamente, no saber manejar ciertas tecnolog\u00edas y limitada oferta de recursos humanos con capacidades para la transformaci\u00f3n digital.<\/p>\n<p>Se percibe una gran brecha en la productividad de las mipymes cuando no utilizan tecnolog\u00eda. Por esta raz\u00f3n, las charlas est\u00e1n orientadas a c\u00f3mo vender m\u00e1s, trabajar, producir y administrar mejor a trav\u00e9s del uso de soluciones digitales disponibles.<\/p>\n<p>Al finalizar la parte de charlas, habr\u00e1 un espacio de intercambio con proveedores digitales y mesas de trabajo, donde se llevar\u00e1n a cabo \u201cconsultorios\u201d para mipymes que asistan al evento. Habr\u00e1 consultas individuales o en grupos peque\u00f1os donde los participantes podr\u00e1n plantear sus casos, sus necesidades y posibles soluciones.<\/p>\n<p>Inscripciones en <a href=\"https:\/\/mododigital.uy\/formulario\/modo-digital-en-rivera\/\" target=\"_blank\" rel=\"noopener\">mododigital.uy<\/a><\/p>\n","protected":false},"excerpt":{"rendered":"<p>Se convoca a las micro, peque\u00f1as y medianas empresas (mipymes) a participar del evento Modo Digital el d\u00eda jueves 25 de mayo a las 18 horas en el Hotel Casino Rivera. Esta actividad es organizada por la Agencia Nacional de Desarrollo (ANDE) con el apoyo de la Intendencia Departamental de Rivera, la Asociaci\u00f3n Comercial e [&hellip;]<\/p>\n","protected":false},"author":1,"featured_media":6581,"comment_status":"open","ping_status":"open","sticky":false,"template":"","format":"standard","meta":{"footnotes":""},"categories":[1],"tags":[],"_links":{"self":[{"href":"https:\/\/www.rivera.gub.uy\/medioambiente\/wp-json\/wp\/v2\/posts\/6578"}],"collection":[{"href":"https:\/\/www.rivera.gub.uy\/medioambiente\/wp-json\/wp\/v2\/posts"}],"about":[{"href":"https:\/\/www.rivera.gub.uy\/medioambiente\/wp-json\/wp\/v2\/types\/post"}],"author":[{"embeddable":true,"href":"https:\/\/www.rivera.gub.uy\/medioambiente\/wp-json\/wp\/v2\/users\/1"}],"replies":[{"embeddable":true,"href":"https:\/\/www.rivera.gub.uy\/medioambiente\/wp-json\/wp\/v2\/comments?post=6578"}],"version-history":[{"count":1,"href":"https:\/\/www.rivera.gub.uy\/medioambiente\/wp-json\/wp\/v2\/posts\/6578\/revisions"}],"predecessor-version":[{"id":6580,"href":"https:\/\/www.rivera.gub.uy\/medioambiente\/wp-json\/wp\/v2\/posts\/6578\/revisions\/6580"}],"wp:featuredmedia":[{"embeddable":true,"href":"https:\/\/www.rivera.gub.uy\/medioambiente\/wp-json\/wp\/v2\/media\/6581"}],"wp:attachment":[{"href":"https:\/\/www.rivera.gub.uy\/medioambiente\/wp-json\/wp\/v2\/media?parent=6578"}],"wp:term":[{"taxonomy":"category","embeddable":true,"href":"https:\/\/www.rivera.gub.uy\/medioambiente\/wp-json\/wp\/v2\/categories?post=6578"},{"taxonomy":"post_tag","embeddable":true,"href":"https:\/\/www.rivera.gub.uy\/medioambiente\/wp-json\/wp\/v2\/tags?post=6578"}],"curies":[{"name":"wp","href":"https:\/\/api.w.org\/{rel}","templated":true}]}}