{"id":6797,"date":"2023-05-31T12:22:54","date_gmt":"2023-05-31T12:22:54","guid":{"rendered":"https:\/\/www.rivera.gub.uy\/medioambiente\/?p=6797"},"modified":"2023-06-01T12:27:24","modified_gmt":"2023-06-01T12:27:24","slug":"documentos-bases-para-la-estandarizacion-de-edificaciones-y-construcciones-en-madera","status":"publish","type":"post","link":"https:\/\/www.rivera.gub.uy\/medioambiente\/documentos-bases-para-la-estandarizacion-de-edificaciones-y-construcciones-en-madera\/","title":{"rendered":"Documentos bases para la estandarizaci\u00f3n de edificaciones y construcciones en madera"},"content":{"rendered":"<p>El viernes 2 de junio, a las 10 horas, se llevar\u00e1 a cabo la presentaci\u00f3n de resultados del proyecto <strong>\u00abDocumentos bases para la estandarizaci\u00f3n de edificaciones y construcciones en madera\u00bb<\/strong>, ejecutado en el marco de la Comisi\u00f3n Honoraria de la Madera, \u00a0presidida por la Direcci\u00f3n General Forestal del Ministerio de Ganader\u00eda, Agricultura y Pesca.<\/p>\n<p>El mismo cont\u00f3 con la cooperaci\u00f3n t\u00e9cnica de FONPLATA y el Instituto Interamericano de Cooperaci\u00f3n para la Agricultura (IICA) con su Representaci\u00f3n en Uruguay.<\/p>\n<p>Este evento se transmitir\u00e1 v\u00eda streaming en el canal de Youtube de IICA Uruguay (<a href=\"https:\/\/www.youtube.com\/watch?v=vyZDI6JUiPc\" target=\"_blank\" rel=\"noopener\">ver aqu\u00ed<\/a>).<\/p>\n<p>Quienes lo deseen pueden confirmar presencia <a href=\"https:\/\/docs.google.com\/forms\/d\/e\/1FAIpQLSdGPdcPWMjMRZYH1pZhQ-0_Qoexb535wdvHQK71OjHvt6sZcw\/viewform\" target=\"_blank\" rel=\"noopener\">aqu\u00ed<\/a>.<\/p>\n<p>&nbsp;<\/p>\n","protected":false},"excerpt":{"rendered":"<p>El viernes 2 de junio, a las 10 horas, se llevar\u00e1 a cabo la presentaci\u00f3n de resultados del proyecto \u00abDocumentos bases para la estandarizaci\u00f3n de edificaciones y construcciones en madera\u00bb, ejecutado en el marco de la Comisi\u00f3n Honoraria de la Madera, \u00a0presidida por la Direcci\u00f3n General Forestal del Ministerio de Ganader\u00eda, Agricultura y Pesca. El [&hellip;]<\/p>\n","protected":false},"author":1,"featured_media":6799,"comment_status":"open","ping_status":"open","sticky":false,"template":"","format":"standard","meta":{"footnotes":""},"categories":[1],"tags":[],"_links":{"self":[{"href":"https:\/\/www.rivera.gub.uy\/medioambiente\/wp-json\/wp\/v2\/posts\/6797"}],"collection":[{"href":"https:\/\/www.rivera.gub.uy\/medioambiente\/wp-json\/wp\/v2\/posts"}],"about":[{"href":"https:\/\/www.rivera.gub.uy\/medioambiente\/wp-json\/wp\/v2\/types\/post"}],"author":[{"embeddable":true,"href":"https:\/\/www.rivera.gub.uy\/medioambiente\/wp-json\/wp\/v2\/users\/1"}],"replies":[{"embeddable":true,"href":"https:\/\/www.rivera.gub.uy\/medioambiente\/wp-json\/wp\/v2\/comments?post=6797"}],"version-history":[{"count":2,"href":"https:\/\/www.rivera.gub.uy\/medioambiente\/wp-json\/wp\/v2\/posts\/6797\/revisions"}],"predecessor-version":[{"id":6800,"href":"https:\/\/www.rivera.gub.uy\/medioambiente\/wp-json\/wp\/v2\/posts\/6797\/revisions\/6800"}],"wp:featuredmedia":[{"embeddable":true,"href":"https:\/\/www.rivera.gub.uy\/medioambiente\/wp-json\/wp\/v2\/media\/6799"}],"wp:attachment":[{"href":"https:\/\/www.rivera.gub.uy\/medioambiente\/wp-json\/wp\/v2\/media?parent=6797"}],"wp:term":[{"taxonomy":"category","embeddable":true,"href":"https:\/\/www.rivera.gub.uy\/medioambiente\/wp-json\/wp\/v2\/categories?post=6797"},{"taxonomy":"post_tag","embeddable":true,"href":"https:\/\/www.rivera.gub.uy\/medioambiente\/wp-json\/wp\/v2\/tags?post=6797"}],"curies":[{"name":"wp","href":"https:\/\/api.w.org\/{rel}","templated":true}]}}