{"id":7217,"date":"2023-06-30T20:32:33","date_gmt":"2023-06-30T20:32:33","guid":{"rendered":"https:\/\/www.rivera.gub.uy\/medioambiente\/?p=7217"},"modified":"2023-06-30T20:32:33","modified_gmt":"2023-06-30T20:32:33","slug":"resurge-la-agencia-de-desarrollo-de-rivera","status":"publish","type":"post","link":"https:\/\/www.rivera.gub.uy\/medioambiente\/resurge-la-agencia-de-desarrollo-de-rivera\/","title":{"rendered":"Resurge la Agencia de Desarrollo de Rivera"},"content":{"rendered":"<p>Dicha Asociaci\u00f3n p\u00fablico-privada se enfocar\u00e1 en temas de innovaci\u00f3n para el desarrollo fronterizo<\/p>\n<p>La Agencia de Desarrollo de Rivera (ADR) inici\u00f3 su proceso de construcci\u00f3n en 2006 a partir de una iniciativa del Gobierno Departamental, el apoyo del Gobierno Nacional y la colaboraci\u00f3n del Programa ART Uruguay de Naciones Unidas. Ya en el a\u00f1o 2009, obtuvo su personer\u00eda jur\u00eddica como asociaci\u00f3n civil constituida con 33 organizaciones socias del departamento de Rivera, conformando un espacio interinstitucional que inclu\u00eda al sector p\u00fablico, privado y la sociedad civil con el objetivo de contribuir al desarrollo regional impulsando pol\u00edticas de generaci\u00f3n de empleo, promoviendo la creaci\u00f3n de emprendimientos, fomentando la cultura de innovaci\u00f3n y apuntalando diversos sectores productivos de nuestro departamento.<!--more--><\/p>\n<p>En 2019, el desempe\u00f1o de la ADR fue afectado por la pandemia COVID-19, lo que provoc\u00f3 que dicha agencia transitara por un per\u00edodo de inactividad hasta finales de 2022. Iniciado el a\u00f1o 2023 y con el apoyo de una cooperaci\u00f3n t\u00e9cnica liderada por la Intendencia Departamental de Rivera a trav\u00e9s de la Direcci\u00f3n General de Desarrollo y Medio Ambiente, la Universidad Tecnol\u00f3gica (UTEC) y el Banco Interamericano de Desarrollo (BID) con la finalidad de reactivar el funcionamiento de la ADR, ahora con un foco en innovaci\u00f3n.<\/p>\n<p>Como fruto de esta cooperaci\u00f3n en la actualidad se cuenta con una hoja de ruta y la identificaci\u00f3n de potenciales proyectos a impulsar por la ADR, adem\u00e1s del hecho de la constituci\u00f3n de una nueva directiva, que retoma sus reuniones peri\u00f3dicas donde planifica acciones internas, apoya al sector privado y ejerce un rol articulador entre instituciones locales, nacionales y extranjeras con finalidad de aterrizar fondos para el desarrollo de nuestra frontera.<\/p>\n","protected":false},"excerpt":{"rendered":"<p>Dicha Asociaci\u00f3n p\u00fablico-privada se enfocar\u00e1 en temas de innovaci\u00f3n para el desarrollo fronterizo La Agencia de Desarrollo de Rivera (ADR) inici\u00f3 su proceso de construcci\u00f3n en 2006 a partir de una iniciativa del Gobierno Departamental, el apoyo del Gobierno Nacional y la colaboraci\u00f3n del Programa ART Uruguay de Naciones Unidas. Ya en el a\u00f1o 2009, [&hellip;]<\/p>\n","protected":false},"author":1,"featured_media":7218,"comment_status":"open","ping_status":"open","sticky":false,"template":"","format":"standard","meta":{"footnotes":""},"categories":[1],"tags":[],"_links":{"self":[{"href":"https:\/\/www.rivera.gub.uy\/medioambiente\/wp-json\/wp\/v2\/posts\/7217"}],"collection":[{"href":"https:\/\/www.rivera.gub.uy\/medioambiente\/wp-json\/wp\/v2\/posts"}],"about":[{"href":"https:\/\/www.rivera.gub.uy\/medioambiente\/wp-json\/wp\/v2\/types\/post"}],"author":[{"embeddable":true,"href":"https:\/\/www.rivera.gub.uy\/medioambiente\/wp-json\/wp\/v2\/users\/1"}],"replies":[{"embeddable":true,"href":"https:\/\/www.rivera.gub.uy\/medioambiente\/wp-json\/wp\/v2\/comments?post=7217"}],"version-history":[{"count":1,"href":"https:\/\/www.rivera.gub.uy\/medioambiente\/wp-json\/wp\/v2\/posts\/7217\/revisions"}],"predecessor-version":[{"id":7219,"href":"https:\/\/www.rivera.gub.uy\/medioambiente\/wp-json\/wp\/v2\/posts\/7217\/revisions\/7219"}],"wp:featuredmedia":[{"embeddable":true,"href":"https:\/\/www.rivera.gub.uy\/medioambiente\/wp-json\/wp\/v2\/media\/7218"}],"wp:attachment":[{"href":"https:\/\/www.rivera.gub.uy\/medioambiente\/wp-json\/wp\/v2\/media?parent=7217"}],"wp:term":[{"taxonomy":"category","embeddable":true,"href":"https:\/\/www.rivera.gub.uy\/medioambiente\/wp-json\/wp\/v2\/categories?post=7217"},{"taxonomy":"post_tag","embeddable":true,"href":"https:\/\/www.rivera.gub.uy\/medioambiente\/wp-json\/wp\/v2\/tags?post=7217"}],"curies":[{"name":"wp","href":"https:\/\/api.w.org\/{rel}","templated":true}]}}