{"id":7318,"date":"2023-07-17T14:16:44","date_gmt":"2023-07-17T14:16:44","guid":{"rendered":"https:\/\/www.rivera.gub.uy\/medioambiente\/?p=7318"},"modified":"2023-07-17T14:16:44","modified_gmt":"2023-07-17T14:16:44","slug":"la-agencia-de-desarrollo-de-rivera-apoya-un-encuentro-de-jovenes-empresarios-organizado-por-aje-y-club-del-inversor-uruguay","status":"publish","type":"post","link":"https:\/\/www.rivera.gub.uy\/medioambiente\/la-agencia-de-desarrollo-de-rivera-apoya-un-encuentro-de-jovenes-empresarios-organizado-por-aje-y-club-del-inversor-uruguay\/","title":{"rendered":"La Agencia de Desarrollo de Rivera apoya un encuentro de j\u00f3venes empresarios organizado por AJE y Club del Inversor Uruguay"},"content":{"rendered":"<p>En su gira por todo el pa\u00eds la Asociaci\u00f3n de J\u00f3venes Empresarios (AJE) y el Club del Inversor Uruguay estuvieron visitando la ciudad de Rivera a trav\u00e9s del encuentro \u201cCaf\u00e9 entre Empresarios\u201d. La actividad se celebr\u00f3 el pasado jueves 6 de julio con el apoyo de la Agencia de Desarrollo de Rivera (ADR), UTEC y Centro Pyme.<!--more--><\/p>\n<p>El evento cont\u00f3 con la presencia de aproximadamente 40 emprendedores que participaron de una charla acerca de las oportunidades de inversi\u00f3n para personas que no poseen grandes capitales y talleres con especialistas en administraci\u00f3n, finanzas, estrategias de negocios, planificaci\u00f3n, marketing y ventas.<\/p>\n<p>Este tipo de eventos destinados a j\u00f3venes emprendedores desempe\u00f1an un papel importante en el desarrollo empresarial local. Estas oportunidades brindan a los j\u00f3venes emprendedores un entorno propicio para aprender, establecer contactos y adquirir conocimientos pr\u00e1cticos de expertos en diferentes \u00e1reas empresariales.<\/p>\n<p>&nbsp;<\/p>\n<div id='gallery-1' class='gallery galleryid-7318 gallery-columns-5 gallery-size-thumbnail'><figure class='gallery-item'>\n\t\t\t<div class='gallery-icon landscape'>\n\t\t\t\t<a href='https:\/\/www.rivera.gub.uy\/medioambiente\/wp-content\/uploads\/2023\/07\/WhatsApp-Image-2023-07-14-at-16.21.43-2.jpeg'><img loading=\"lazy\" decoding=\"async\" width=\"150\" height=\"150\" src=\"https:\/\/www.rivera.gub.uy\/medioambiente\/wp-content\/uploads\/2023\/07\/WhatsApp-Image-2023-07-14-at-16.21.43-2-150x150.jpeg\" class=\"attachment-thumbnail size-thumbnail\" alt=\"Asociaci\u00f3n de J\u00f3venes Empresarios\" \/><\/a>\n\t\t\t<\/div><\/figure><figure class='gallery-item'>\n\t\t\t<div class='gallery-icon landscape'>\n\t\t\t\t<a href='https:\/\/www.rivera.gub.uy\/medioambiente\/wp-content\/uploads\/2023\/07\/WhatsApp-Image-2023-07-14-at-16.21.43-2.jpg'><img loading=\"lazy\" decoding=\"async\" width=\"150\" height=\"150\" src=\"https:\/\/www.rivera.gub.uy\/medioambiente\/wp-content\/uploads\/2023\/07\/WhatsApp-Image-2023-07-14-at-16.21.43-2-150x150.jpg\" class=\"attachment-thumbnail size-thumbnail\" alt=\"Asociaci\u00f3n de J\u00f3venes Empresarios\" \/><\/a>\n\t\t\t<\/div><\/figure><figure class='gallery-item'>\n\t\t\t<div class='gallery-icon landscape'>\n\t\t\t\t<a href='https:\/\/www.rivera.gub.uy\/medioambiente\/wp-content\/uploads\/2023\/07\/WhatsApp-Image-2023-07-14-at-16.21.44-2.jpeg'><img loading=\"lazy\" decoding=\"async\" width=\"150\" height=\"150\" src=\"https:\/\/www.rivera.gub.uy\/medioambiente\/wp-content\/uploads\/2023\/07\/WhatsApp-Image-2023-07-14-at-16.21.44-2-150x150.jpeg\" class=\"attachment-thumbnail size-thumbnail\" alt=\"Asociaci\u00f3n de J\u00f3venes Empresarios\" \/><\/a>\n\t\t\t<\/div><\/figure><figure class='gallery-item'>\n\t\t\t<div class='gallery-icon landscape'>\n\t\t\t\t<a href='https:\/\/www.rivera.gub.uy\/medioambiente\/wp-content\/uploads\/2023\/07\/WhatsApp-Image-2023-07-14-at-16.21.44.jpeg'><img loading=\"lazy\" decoding=\"async\" width=\"150\" height=\"150\" src=\"https:\/\/www.rivera.gub.uy\/medioambiente\/wp-content\/uploads\/2023\/07\/WhatsApp-Image-2023-07-14-at-16.21.44-150x150.jpeg\" class=\"attachment-thumbnail size-thumbnail\" alt=\"Asociaci\u00f3n de J\u00f3venes Empresarios\" \/><\/a>\n\t\t\t<\/div><\/figure><figure class='gallery-item'>\n\t\t\t<div class='gallery-icon landscape'>\n\t\t\t\t<a href='https:\/\/www.rivera.gub.uy\/medioambiente\/wp-content\/uploads\/2023\/07\/WhatsApp-Image-2023-07-14-at-16.21.45.jpeg'><img loading=\"lazy\" decoding=\"async\" width=\"150\" height=\"150\" src=\"https:\/\/www.rivera.gub.uy\/medioambiente\/wp-content\/uploads\/2023\/07\/WhatsApp-Image-2023-07-14-at-16.21.45-150x150.jpeg\" class=\"attachment-thumbnail size-thumbnail\" alt=\"Asociaci\u00f3n de J\u00f3venes Empresarios\" \/><\/a>\n\t\t\t<\/div><\/figure>\n\t\t<\/div>\n\n","protected":false},"excerpt":{"rendered":"<p>En su gira por todo el pa\u00eds la Asociaci\u00f3n de J\u00f3venes Empresarios (AJE) y el Club del Inversor Uruguay estuvieron visitando la ciudad de Rivera a trav\u00e9s del encuentro \u201cCaf\u00e9 entre Empresarios\u201d. La actividad se celebr\u00f3 el pasado jueves 6 de julio con el apoyo de la Agencia de Desarrollo de Rivera (ADR), UTEC y [&hellip;]<\/p>\n","protected":false},"author":1,"featured_media":7322,"comment_status":"open","ping_status":"open","sticky":false,"template":"","format":"standard","meta":{"footnotes":""},"categories":[1],"tags":[],"_links":{"self":[{"href":"https:\/\/www.rivera.gub.uy\/medioambiente\/wp-json\/wp\/v2\/posts\/7318"}],"collection":[{"href":"https:\/\/www.rivera.gub.uy\/medioambiente\/wp-json\/wp\/v2\/posts"}],"about":[{"href":"https:\/\/www.rivera.gub.uy\/medioambiente\/wp-json\/wp\/v2\/types\/post"}],"author":[{"embeddable":true,"href":"https:\/\/www.rivera.gub.uy\/medioambiente\/wp-json\/wp\/v2\/users\/1"}],"replies":[{"embeddable":true,"href":"https:\/\/www.rivera.gub.uy\/medioambiente\/wp-json\/wp\/v2\/comments?post=7318"}],"version-history":[{"count":1,"href":"https:\/\/www.rivera.gub.uy\/medioambiente\/wp-json\/wp\/v2\/posts\/7318\/revisions"}],"predecessor-version":[{"id":7324,"href":"https:\/\/www.rivera.gub.uy\/medioambiente\/wp-json\/wp\/v2\/posts\/7318\/revisions\/7324"}],"wp:featuredmedia":[{"embeddable":true,"href":"https:\/\/www.rivera.gub.uy\/medioambiente\/wp-json\/wp\/v2\/media\/7322"}],"wp:attachment":[{"href":"https:\/\/www.rivera.gub.uy\/medioambiente\/wp-json\/wp\/v2\/media?parent=7318"}],"wp:term":[{"taxonomy":"category","embeddable":true,"href":"https:\/\/www.rivera.gub.uy\/medioambiente\/wp-json\/wp\/v2\/categories?post=7318"},{"taxonomy":"post_tag","embeddable":true,"href":"https:\/\/www.rivera.gub.uy\/medioambiente\/wp-json\/wp\/v2\/tags?post=7318"}],"curies":[{"name":"wp","href":"https:\/\/api.w.org\/{rel}","templated":true}]}}