{"id":7544,"date":"2023-07-27T13:13:29","date_gmt":"2023-07-27T13:13:29","guid":{"rendered":"https:\/\/www.rivera.gub.uy\/medioambiente\/?p=7544"},"modified":"2023-08-10T13:14:58","modified_gmt":"2023-08-10T13:14:58","slug":"templar","status":"publish","type":"post","link":"https:\/\/www.rivera.gub.uy\/medioambiente\/templar\/","title":{"rendered":"TEMPLAR"},"content":{"rendered":"<p>La Divisi\u00f3n Estrategias perteneciente a la Direcci\u00f3n General de Desarrollo y Medio Ambiente (IDR) en conjunto con Instituto Nacional de Empleo y Formaci\u00f3n Profesional (INEFOP) vienen desarrollando la capacitaci\u00f3n denominada TEMPLAR.<!--more--><br \/>\nDicha instancia, hace parte del proyecto \u201cCapacitaci\u00f3n en Tecnolog\u00edas de la Informaci\u00f3n\u201d, y tiene como objetivo fortalecer las habilidades blandas* de j\u00f3venes riverenses generando as\u00ed una mayor competitividad laboral e incrementando sus probabilidades de ingreso al mercado laboral.<\/p>\n<p>En esta oportunidad, m\u00e1s de 20 j\u00f3venes riverenses durante dos los meses de julio y agosto estar\u00e1n recibiendo coaching en grupos reducidos y el seguimiento personalizado por parte de profesionales, los cuales son financiados por el INEFOP. En la actualidad las empresas vinculadas al sector de las Tecnolog\u00edas de la Informaci\u00f3n apuntan a la carencia de habilidades blandas en sus recursos humanos como una de las mayores limitantes al momento de contratar su personal.<\/p>\n<p><strong>*Habilidades blandas: Aprendizaje permanente, Creatividad e innovaci\u00f3n Comunicaci\u00f3n, Pensamiento cr\u00edtico, Resiliencia, Orientaci\u00f3n a objetivos, Trabajo colaborativo y conciencia social.<\/strong><\/p>\n<p>&nbsp;<\/p>\n<p><a href=\"https:\/\/www.rivera.gub.uy\/medioambiente\/wp-content\/uploads\/2023\/08\/habilidades-blandas.gif\"><img loading=\"lazy\" decoding=\"async\" class=\"aligncenter wp-image-7545 size-medium\" src=\"https:\/\/www.rivera.gub.uy\/medioambiente\/wp-content\/uploads\/2023\/08\/habilidades-blandas-300x221.gif\" alt=\"\" width=\"300\" height=\"221\" \/><\/a><\/p>\n","protected":false},"excerpt":{"rendered":"<p>La Divisi\u00f3n Estrategias perteneciente a la Direcci\u00f3n General de Desarrollo y Medio Ambiente (IDR) en conjunto con Instituto Nacional de Empleo y Formaci\u00f3n Profesional (INEFOP) vienen desarrollando la capacitaci\u00f3n denominada TEMPLAR.<\/p>\n","protected":false},"author":1,"featured_media":7546,"comment_status":"open","ping_status":"open","sticky":false,"template":"","format":"standard","meta":{"footnotes":""},"categories":[1],"tags":[],"_links":{"self":[{"href":"https:\/\/www.rivera.gub.uy\/medioambiente\/wp-json\/wp\/v2\/posts\/7544"}],"collection":[{"href":"https:\/\/www.rivera.gub.uy\/medioambiente\/wp-json\/wp\/v2\/posts"}],"about":[{"href":"https:\/\/www.rivera.gub.uy\/medioambiente\/wp-json\/wp\/v2\/types\/post"}],"author":[{"embeddable":true,"href":"https:\/\/www.rivera.gub.uy\/medioambiente\/wp-json\/wp\/v2\/users\/1"}],"replies":[{"embeddable":true,"href":"https:\/\/www.rivera.gub.uy\/medioambiente\/wp-json\/wp\/v2\/comments?post=7544"}],"version-history":[{"count":1,"href":"https:\/\/www.rivera.gub.uy\/medioambiente\/wp-json\/wp\/v2\/posts\/7544\/revisions"}],"predecessor-version":[{"id":7547,"href":"https:\/\/www.rivera.gub.uy\/medioambiente\/wp-json\/wp\/v2\/posts\/7544\/revisions\/7547"}],"wp:featuredmedia":[{"embeddable":true,"href":"https:\/\/www.rivera.gub.uy\/medioambiente\/wp-json\/wp\/v2\/media\/7546"}],"wp:attachment":[{"href":"https:\/\/www.rivera.gub.uy\/medioambiente\/wp-json\/wp\/v2\/media?parent=7544"}],"wp:term":[{"taxonomy":"category","embeddable":true,"href":"https:\/\/www.rivera.gub.uy\/medioambiente\/wp-json\/wp\/v2\/categories?post=7544"},{"taxonomy":"post_tag","embeddable":true,"href":"https:\/\/www.rivera.gub.uy\/medioambiente\/wp-json\/wp\/v2\/tags?post=7544"}],"curies":[{"name":"wp","href":"https:\/\/api.w.org\/{rel}","templated":true}]}}