{"id":7636,"date":"2023-08-18T17:58:29","date_gmt":"2023-08-18T17:58:29","guid":{"rendered":"https:\/\/www.rivera.gub.uy\/medioambiente\/?p=7636"},"modified":"2023-08-18T18:01:13","modified_gmt":"2023-08-18T18:01:13","slug":"principios-para-la-reduccion-de-desperdicios-en-la-produccion-de-alimentos","status":"publish","type":"post","link":"https:\/\/www.rivera.gub.uy\/medioambiente\/principios-para-la-reduccion-de-desperdicios-en-la-produccion-de-alimentos\/","title":{"rendered":"Principios para la reducci\u00f3n de desperdicios en la producci\u00f3n de alimentos"},"content":{"rendered":"<p>Este 22 de agosto, de 18:00 a 20:00 horas, se dictar\u00e1 el curso <strong>\u201cPrincipios para la reducci\u00f3n de desperdicios en la producci\u00f3n de alimentos\u201d<\/strong>, para mipymes de alimentos, organizado por Dinapyme MIEM y dictado por el LATU.<!--more--><\/p>\n<p>Los interesados pueden inscribirse a trav\u00e9s de <a href=\"https:\/\/bit.ly\/CursoMiemLatuAlimentos\" target=\"_blank\" rel=\"noopener\">https:\/\/bit.ly\/CursoMiemLatuAlimentos<\/a><\/p>\n<p>Dicha capacitaci\u00f3n se realiza v\u00eda zoom y es sin costo.<\/p>\n<p>*<strong>Importante:<\/strong> El enlace de zoom para la capacitaci\u00f3n solo ser\u00e1 enviado al correo electr\u00f3nico registrado en la inscripci\u00f3n.<\/p>\n<p>&nbsp;<\/p>\n<p><a href=\"https:\/\/www.rivera.gub.uy\/medioambiente\/wp-content\/uploads\/2023\/08\/WhatsApp-Image-2023-08-18-at-2.38.13-PM.jpeg\"><img loading=\"lazy\" decoding=\"async\" class=\"aligncenter wp-image-7637 size-medium\" src=\"https:\/\/www.rivera.gub.uy\/medioambiente\/wp-content\/uploads\/2023\/08\/WhatsApp-Image-2023-08-18-at-2.38.13-PM-300x300.jpeg\" alt=\"\" width=\"300\" height=\"300\" srcset=\"https:\/\/www.rivera.gub.uy\/medioambiente\/wp-content\/uploads\/2023\/08\/WhatsApp-Image-2023-08-18-at-2.38.13-PM-300x300.jpeg 300w, https:\/\/www.rivera.gub.uy\/medioambiente\/wp-content\/uploads\/2023\/08\/WhatsApp-Image-2023-08-18-at-2.38.13-PM-1024x1024.jpeg 1024w, https:\/\/www.rivera.gub.uy\/medioambiente\/wp-content\/uploads\/2023\/08\/WhatsApp-Image-2023-08-18-at-2.38.13-PM-150x150.jpeg 150w, https:\/\/www.rivera.gub.uy\/medioambiente\/wp-content\/uploads\/2023\/08\/WhatsApp-Image-2023-08-18-at-2.38.13-PM-768x768.jpeg 768w, https:\/\/www.rivera.gub.uy\/medioambiente\/wp-content\/uploads\/2023\/08\/WhatsApp-Image-2023-08-18-at-2.38.13-PM-820x820.jpeg 820w, https:\/\/www.rivera.gub.uy\/medioambiente\/wp-content\/uploads\/2023\/08\/WhatsApp-Image-2023-08-18-at-2.38.13-PM.jpeg 1201w\" sizes=\"(max-width: 300px) 100vw, 300px\" \/><\/a><\/p>\n","protected":false},"excerpt":{"rendered":"<p>Este 22 de agosto, de 18:00 a 20:00 horas, se dictar\u00e1 el curso \u201cPrincipios para la reducci\u00f3n de desperdicios en la producci\u00f3n de alimentos\u201d, para mipymes de alimentos, organizado por Dinapyme MIEM y dictado por el LATU.<\/p>\n","protected":false},"author":1,"featured_media":7640,"comment_status":"open","ping_status":"open","sticky":false,"template":"","format":"standard","meta":{"footnotes":""},"categories":[1],"tags":[],"_links":{"self":[{"href":"https:\/\/www.rivera.gub.uy\/medioambiente\/wp-json\/wp\/v2\/posts\/7636"}],"collection":[{"href":"https:\/\/www.rivera.gub.uy\/medioambiente\/wp-json\/wp\/v2\/posts"}],"about":[{"href":"https:\/\/www.rivera.gub.uy\/medioambiente\/wp-json\/wp\/v2\/types\/post"}],"author":[{"embeddable":true,"href":"https:\/\/www.rivera.gub.uy\/medioambiente\/wp-json\/wp\/v2\/users\/1"}],"replies":[{"embeddable":true,"href":"https:\/\/www.rivera.gub.uy\/medioambiente\/wp-json\/wp\/v2\/comments?post=7636"}],"version-history":[{"count":1,"href":"https:\/\/www.rivera.gub.uy\/medioambiente\/wp-json\/wp\/v2\/posts\/7636\/revisions"}],"predecessor-version":[{"id":7638,"href":"https:\/\/www.rivera.gub.uy\/medioambiente\/wp-json\/wp\/v2\/posts\/7636\/revisions\/7638"}],"wp:featuredmedia":[{"embeddable":true,"href":"https:\/\/www.rivera.gub.uy\/medioambiente\/wp-json\/wp\/v2\/media\/7640"}],"wp:attachment":[{"href":"https:\/\/www.rivera.gub.uy\/medioambiente\/wp-json\/wp\/v2\/media?parent=7636"}],"wp:term":[{"taxonomy":"category","embeddable":true,"href":"https:\/\/www.rivera.gub.uy\/medioambiente\/wp-json\/wp\/v2\/categories?post=7636"},{"taxonomy":"post_tag","embeddable":true,"href":"https:\/\/www.rivera.gub.uy\/medioambiente\/wp-json\/wp\/v2\/tags?post=7636"}],"curies":[{"name":"wp","href":"https:\/\/api.w.org\/{rel}","templated":true}]}}