{"id":7839,"date":"2023-08-28T13:43:57","date_gmt":"2023-08-28T13:43:57","guid":{"rendered":"https:\/\/www.rivera.gub.uy\/medioambiente\/?p=7839"},"modified":"2023-08-28T13:43:57","modified_gmt":"2023-08-28T13:43:57","slug":"capacitacion-mejora-de-la-productividad-en-carpinterias","status":"publish","type":"post","link":"https:\/\/www.rivera.gub.uy\/medioambiente\/capacitacion-mejora-de-la-productividad-en-carpinterias\/","title":{"rendered":"Capacitaci\u00f3n: Mejora de la productividad en carpinter\u00edas"},"content":{"rendered":"<p>Dirigido a carpinteros y estudiantes avanzados de carpinter\u00eda de Rivera. <!--more--><\/p>\n<p><strong>Fechas y modalidad:<\/strong><\/p>\n<p>Talleres virtuales: 28 de setiembre; 3, 5 y 24 de octubre; y 28 de noviembre, de 12:30 a 14:30 hs.<\/p>\n<p>Talleres presenciales: lunes 9 de octubre y martes 21 de noviembre, de 18 a 21:00 hs, en el Polo de Desarrollo Agropecuario (Pte. Gir\u00f3 1804).<\/p>\n<p>Inscripciones sin costo en CePE (Agraciada 570, piso 1) o a trav\u00e9s del siguiente link <a href=\"https:\/\/forms.office.com\/pages\/responsepage.aspx?id=VldxJCqI20izL26jG7yGT6oPDOGlinBNsrMLSsqIc_xUOFNSTDBFWVI1RkNYS1hNVU1FUjlLMFVOSS4u\" target=\"_blank\" rel=\"noopener\">(formulario de inscripci\u00f3n)<\/a><\/p>\n<p>&nbsp;<\/p>\n<p><a href=\"https:\/\/www.rivera.gub.uy\/medioambiente\/wp-content\/uploads\/2023\/08\/WhatsApp-Image-2023-08-23-at-12.08.48-PM.jpeg\"><img loading=\"lazy\" decoding=\"async\" class=\"aligncenter size-medium wp-image-7840\" src=\"https:\/\/www.rivera.gub.uy\/medioambiente\/wp-content\/uploads\/2023\/08\/WhatsApp-Image-2023-08-23-at-12.08.48-PM-300x300.jpeg\" alt=\"capacitaci\u00f3n latu\" width=\"300\" height=\"300\" srcset=\"https:\/\/www.rivera.gub.uy\/medioambiente\/wp-content\/uploads\/2023\/08\/WhatsApp-Image-2023-08-23-at-12.08.48-PM-300x300.jpeg 300w, https:\/\/www.rivera.gub.uy\/medioambiente\/wp-content\/uploads\/2023\/08\/WhatsApp-Image-2023-08-23-at-12.08.48-PM-1024x1024.jpeg 1024w, https:\/\/www.rivera.gub.uy\/medioambiente\/wp-content\/uploads\/2023\/08\/WhatsApp-Image-2023-08-23-at-12.08.48-PM-150x150.jpeg 150w, https:\/\/www.rivera.gub.uy\/medioambiente\/wp-content\/uploads\/2023\/08\/WhatsApp-Image-2023-08-23-at-12.08.48-PM-768x768.jpeg 768w, https:\/\/www.rivera.gub.uy\/medioambiente\/wp-content\/uploads\/2023\/08\/WhatsApp-Image-2023-08-23-at-12.08.48-PM-1536x1536.jpeg 1536w, https:\/\/www.rivera.gub.uy\/medioambiente\/wp-content\/uploads\/2023\/08\/WhatsApp-Image-2023-08-23-at-12.08.48-PM-820x820.jpeg 820w, https:\/\/www.rivera.gub.uy\/medioambiente\/wp-content\/uploads\/2023\/08\/WhatsApp-Image-2023-08-23-at-12.08.48-PM.jpeg 1600w\" sizes=\"(max-width: 300px) 100vw, 300px\" \/><\/a><\/p>\n<p>&nbsp;<\/p>\n","protected":false},"excerpt":{"rendered":"<p>Dirigido a carpinteros y estudiantes avanzados de carpinter\u00eda de Rivera.<\/p>\n","protected":false},"author":1,"featured_media":7841,"comment_status":"open","ping_status":"open","sticky":false,"template":"","format":"standard","meta":{"footnotes":""},"categories":[1],"tags":[],"_links":{"self":[{"href":"https:\/\/www.rivera.gub.uy\/medioambiente\/wp-json\/wp\/v2\/posts\/7839"}],"collection":[{"href":"https:\/\/www.rivera.gub.uy\/medioambiente\/wp-json\/wp\/v2\/posts"}],"about":[{"href":"https:\/\/www.rivera.gub.uy\/medioambiente\/wp-json\/wp\/v2\/types\/post"}],"author":[{"embeddable":true,"href":"https:\/\/www.rivera.gub.uy\/medioambiente\/wp-json\/wp\/v2\/users\/1"}],"replies":[{"embeddable":true,"href":"https:\/\/www.rivera.gub.uy\/medioambiente\/wp-json\/wp\/v2\/comments?post=7839"}],"version-history":[{"count":1,"href":"https:\/\/www.rivera.gub.uy\/medioambiente\/wp-json\/wp\/v2\/posts\/7839\/revisions"}],"predecessor-version":[{"id":7842,"href":"https:\/\/www.rivera.gub.uy\/medioambiente\/wp-json\/wp\/v2\/posts\/7839\/revisions\/7842"}],"wp:featuredmedia":[{"embeddable":true,"href":"https:\/\/www.rivera.gub.uy\/medioambiente\/wp-json\/wp\/v2\/media\/7841"}],"wp:attachment":[{"href":"https:\/\/www.rivera.gub.uy\/medioambiente\/wp-json\/wp\/v2\/media?parent=7839"}],"wp:term":[{"taxonomy":"category","embeddable":true,"href":"https:\/\/www.rivera.gub.uy\/medioambiente\/wp-json\/wp\/v2\/categories?post=7839"},{"taxonomy":"post_tag","embeddable":true,"href":"https:\/\/www.rivera.gub.uy\/medioambiente\/wp-json\/wp\/v2\/tags?post=7839"}],"curies":[{"name":"wp","href":"https:\/\/api.w.org\/{rel}","templated":true}]}}