{"id":7952,"date":"2023-09-04T13:36:36","date_gmt":"2023-09-04T13:36:36","guid":{"rendered":"https:\/\/www.rivera.gub.uy\/medioambiente\/?p=7952"},"modified":"2023-09-04T13:38:27","modified_gmt":"2023-09-04T13:38:27","slug":"rutas-unesco-uy-en-rivera","status":"publish","type":"post","link":"https:\/\/www.rivera.gub.uy\/medioambiente\/rutas-unesco-uy-en-rivera\/","title":{"rendered":"Rutas UNESCO Uy en Rivera"},"content":{"rendered":"<p>El pr\u00f3ximo 14 de setiembre, a las 9:30 horas, se llevar\u00e1 a cabo en el Sal\u00f3n de Actos de la IDR (Agraciada 570, ss2) una nueva cita de las <strong>Rutas UNESCO Uruguay<\/strong>.<\/p>\n<p>Rutas UNESCO Uruguay es un proyecto de visibilizaci\u00f3n, promoci\u00f3n y apropiaci\u00f3n del patrimonio, que fomenta el turismo responsable y sostenible poniendo en valor y en com\u00fan destinos y bienes de relevancia cultural, natural, hist\u00f3rica, cient\u00edfica, geol\u00f3gica y ambiental.<!--more--><\/p>\n<h3><strong>Reserva de biosfera en Rivera<\/strong><\/h3>\n<p>El nombre de la reserva de biosfera en Rivera es Bioma Pampa \u2013 Quebradas del Norte, llamada as\u00ed por las dos tipos de paisajes predominantes presentes en el \u00e1rea de la reserva: la pampa y los bosques de quebradas.<\/p>\n<p>Es una de los pocas reservas que tiene ecosistema de pastizales naturales entre sus objetivos de conservaci\u00f3n.<\/p>\n<p>La reserva tiene una superficie de 110.882 hect\u00e1reas y comprende un mosaico de ecosistemas variados.<\/p>\n<p>&nbsp;<\/p>\n<div id='gallery-1' class='gallery galleryid-7952 gallery-columns-2 gallery-size-medium'><figure class='gallery-item'>\n\t\t\t<div class='gallery-icon landscape'>\n\t\t\t\t<a href='https:\/\/www.rivera.gub.uy\/medioambiente\/wp-content\/uploads\/2023\/09\/WhatsApp-Image-2023-09-01-at-4.59.21-PM.jpeg'><img loading=\"lazy\" decoding=\"async\" width=\"300\" height=\"300\" src=\"https:\/\/www.rivera.gub.uy\/medioambiente\/wp-content\/uploads\/2023\/09\/WhatsApp-Image-2023-09-01-at-4.59.21-PM-300x300.jpeg\" class=\"attachment-medium size-medium\" alt=\"\" srcset=\"https:\/\/www.rivera.gub.uy\/medioambiente\/wp-content\/uploads\/2023\/09\/WhatsApp-Image-2023-09-01-at-4.59.21-PM-300x300.jpeg 300w, https:\/\/www.rivera.gub.uy\/medioambiente\/wp-content\/uploads\/2023\/09\/WhatsApp-Image-2023-09-01-at-4.59.21-PM-1024x1024.jpeg 1024w, https:\/\/www.rivera.gub.uy\/medioambiente\/wp-content\/uploads\/2023\/09\/WhatsApp-Image-2023-09-01-at-4.59.21-PM-150x150.jpeg 150w, https:\/\/www.rivera.gub.uy\/medioambiente\/wp-content\/uploads\/2023\/09\/WhatsApp-Image-2023-09-01-at-4.59.21-PM-768x768.jpeg 768w, https:\/\/www.rivera.gub.uy\/medioambiente\/wp-content\/uploads\/2023\/09\/WhatsApp-Image-2023-09-01-at-4.59.21-PM-820x820.jpeg 820w, https:\/\/www.rivera.gub.uy\/medioambiente\/wp-content\/uploads\/2023\/09\/WhatsApp-Image-2023-09-01-at-4.59.21-PM.jpeg 1080w\" sizes=\"(max-width: 300px) 100vw, 300px\" \/><\/a>\n\t\t\t<\/div><\/figure><figure class='gallery-item'>\n\t\t\t<div class='gallery-icon landscape'>\n\t\t\t\t<a href='https:\/\/www.rivera.gub.uy\/medioambiente\/wp-content\/uploads\/2023\/09\/WhatsApp-Image-2023-09-01-at-4.59.21-PM-1.jpeg'><img loading=\"lazy\" decoding=\"async\" width=\"300\" height=\"300\" src=\"https:\/\/www.rivera.gub.uy\/medioambiente\/wp-content\/uploads\/2023\/09\/WhatsApp-Image-2023-09-01-at-4.59.21-PM-1-300x300.jpeg\" class=\"attachment-medium size-medium\" alt=\"\" srcset=\"https:\/\/www.rivera.gub.uy\/medioambiente\/wp-content\/uploads\/2023\/09\/WhatsApp-Image-2023-09-01-at-4.59.21-PM-1-300x300.jpeg 300w, https:\/\/www.rivera.gub.uy\/medioambiente\/wp-content\/uploads\/2023\/09\/WhatsApp-Image-2023-09-01-at-4.59.21-PM-1-1024x1024.jpeg 1024w, https:\/\/www.rivera.gub.uy\/medioambiente\/wp-content\/uploads\/2023\/09\/WhatsApp-Image-2023-09-01-at-4.59.21-PM-1-150x150.jpeg 150w, https:\/\/www.rivera.gub.uy\/medioambiente\/wp-content\/uploads\/2023\/09\/WhatsApp-Image-2023-09-01-at-4.59.21-PM-1-768x768.jpeg 768w, https:\/\/www.rivera.gub.uy\/medioambiente\/wp-content\/uploads\/2023\/09\/WhatsApp-Image-2023-09-01-at-4.59.21-PM-1-820x820.jpeg 820w, https:\/\/www.rivera.gub.uy\/medioambiente\/wp-content\/uploads\/2023\/09\/WhatsApp-Image-2023-09-01-at-4.59.21-PM-1.jpeg 1080w\" sizes=\"(max-width: 300px) 100vw, 300px\" \/><\/a>\n\t\t\t<\/div><\/figure>\n\t\t<\/div>\n\n","protected":false},"excerpt":{"rendered":"<p>El pr\u00f3ximo 14 de setiembre, a las 9:30 horas, se llevar\u00e1 a cabo en el Sal\u00f3n de Actos de la IDR (Agraciada 570, ss2) una nueva cita de las Rutas UNESCO Uruguay. Rutas UNESCO Uruguay es un proyecto de visibilizaci\u00f3n, promoci\u00f3n y apropiaci\u00f3n del patrimonio, que fomenta el turismo responsable y sostenible poniendo en valor [&hellip;]<\/p>\n","protected":false},"author":1,"featured_media":7955,"comment_status":"open","ping_status":"open","sticky":false,"template":"","format":"standard","meta":{"footnotes":""},"categories":[1],"tags":[175,177,17,176],"_links":{"self":[{"href":"https:\/\/www.rivera.gub.uy\/medioambiente\/wp-json\/wp\/v2\/posts\/7952"}],"collection":[{"href":"https:\/\/www.rivera.gub.uy\/medioambiente\/wp-json\/wp\/v2\/posts"}],"about":[{"href":"https:\/\/www.rivera.gub.uy\/medioambiente\/wp-json\/wp\/v2\/types\/post"}],"author":[{"embeddable":true,"href":"https:\/\/www.rivera.gub.uy\/medioambiente\/wp-json\/wp\/v2\/users\/1"}],"replies":[{"embeddable":true,"href":"https:\/\/www.rivera.gub.uy\/medioambiente\/wp-json\/wp\/v2\/comments?post=7952"}],"version-history":[{"count":3,"href":"https:\/\/www.rivera.gub.uy\/medioambiente\/wp-json\/wp\/v2\/posts\/7952\/revisions"}],"predecessor-version":[{"id":7958,"href":"https:\/\/www.rivera.gub.uy\/medioambiente\/wp-json\/wp\/v2\/posts\/7952\/revisions\/7958"}],"wp:featuredmedia":[{"embeddable":true,"href":"https:\/\/www.rivera.gub.uy\/medioambiente\/wp-json\/wp\/v2\/media\/7955"}],"wp:attachment":[{"href":"https:\/\/www.rivera.gub.uy\/medioambiente\/wp-json\/wp\/v2\/media?parent=7952"}],"wp:term":[{"taxonomy":"category","embeddable":true,"href":"https:\/\/www.rivera.gub.uy\/medioambiente\/wp-json\/wp\/v2\/categories?post=7952"},{"taxonomy":"post_tag","embeddable":true,"href":"https:\/\/www.rivera.gub.uy\/medioambiente\/wp-json\/wp\/v2\/tags?post=7952"}],"curies":[{"name":"wp","href":"https:\/\/api.w.org\/{rel}","templated":true}]}}