{"id":7976,"date":"2023-09-05T14:07:55","date_gmt":"2023-09-05T14:07:55","guid":{"rendered":"https:\/\/www.rivera.gub.uy\/medioambiente\/?p=7976"},"modified":"2023-09-05T14:14:03","modified_gmt":"2023-09-05T14:14:03","slug":"curso-de-formacion-profesional-pensamiento-computacional-y-modalidades-de-educacion-a-distancia","status":"publish","type":"post","link":"https:\/\/www.rivera.gub.uy\/medioambiente\/curso-de-formacion-profesional-pensamiento-computacional-y-modalidades-de-educacion-a-distancia\/","title":{"rendered":"Curso de formaci\u00f3n profesional: Pensamiento computacional y modalidades de educaci\u00f3n a distancia"},"content":{"rendered":"<p>El pr\u00f3ximo 14 de octubre comienza el Curso de formaci\u00f3n profesional: <strong>\u201cPensamiento computacional y modalidades de educaci\u00f3n a distancia\u201d, <\/strong>por esta raz\u00f3n desde la Divisi\u00f3n Estrategias y Articulaci\u00f3n Regional, perteneciente a la Direcci\u00f3n General de Desarrollo y Medio Ambiente , en el marco del Proyecto Plan de Capacitaci\u00f3n en TI (FDI), realiza la convocatoria.<!--more--><\/p>\n<p>Dicho curso est\u00e1 dirigido a personas con inter\u00e9s en la tem\u00e1tica de Pensamiento Computacional y el trabajo en educaci\u00f3n a distancia. Una segunda cohorte de estudiantes de formaci\u00f3n docente, de carreras vinculadas a tem\u00e1ticas de inform\u00e1tica, educaci\u00f3n, ingenier\u00eda, programaci\u00f3n y afines.<\/p>\n<p>La selecci\u00f3n estar\u00e1 a cargo de la Intendencia de Rivera y el equipo del Abrojo.<\/p>\n<p>Estimado 60 cupos<\/p>\n<p>Se estima un cupo de 20 personas extras de la primera cohorte, que podr\u00e1n participar de las instancias presenciales y como oyentes en las formaciones online por si necesitan actualizar los contenidos trabajados en la primera parte del a\u00f1o. Estos\/as asistentes no tendr\u00e1n la obligaci\u00f3n de entregar un trabajo final ni hacer trabajos de entregas durante el curso.<\/p>\n<p>Duraci\u00f3n: 6 semanas<br \/>\nCarga horaria: el curso consta de 45 horas<br \/>\nModalidad: Semipresencial<\/p>\n<p>OBJETIVO:<br \/>\nIntroducir a los\/as participantes en Pensamiento Computacional como herramienta pedag\u00f3gica para la planificaci\u00f3n, realizaci\u00f3n y presentaci\u00f3n de actividades educativas.<br \/>\nLas personas formadas en el curso podr\u00e1n incorporarse a equipos de trabajo que brinden talleres<\/p>\n<p>Inicio: 14 de octubre<br \/>\nCulminaci\u00f3n: 30 de noviembre<\/p>\n<p>Para m\u00e1s informaci\u00f3n, los interesados pueden contactarse por\u00a0Whatsapp al <a href=\"tel:+59899359591\">+598 99 359591<\/a> (Prof. Jos\u00e9 Sampayo) o\u00a0 <a href=\"tel:+59899576666\">+598 99 576666<\/a>\u00a0 (Dir. Enrique Puentes).<\/p>\n<p>&nbsp;<\/p>\n<p>&nbsp;<\/p>\n","protected":false},"excerpt":{"rendered":"<p>El pr\u00f3ximo 14 de octubre comienza el Curso de formaci\u00f3n profesional: \u201cPensamiento computacional y modalidades de educaci\u00f3n a distancia\u201d, por esta raz\u00f3n desde la Divisi\u00f3n Estrategias y Articulaci\u00f3n Regional, perteneciente a la Direcci\u00f3n General de Desarrollo y Medio Ambiente , en el marco del Proyecto Plan de Capacitaci\u00f3n en TI (FDI), realiza la convocatoria.<\/p>\n","protected":false},"author":1,"featured_media":7979,"comment_status":"open","ping_status":"open","sticky":false,"template":"","format":"standard","meta":{"footnotes":""},"categories":[1],"tags":[],"_links":{"self":[{"href":"https:\/\/www.rivera.gub.uy\/medioambiente\/wp-json\/wp\/v2\/posts\/7976"}],"collection":[{"href":"https:\/\/www.rivera.gub.uy\/medioambiente\/wp-json\/wp\/v2\/posts"}],"about":[{"href":"https:\/\/www.rivera.gub.uy\/medioambiente\/wp-json\/wp\/v2\/types\/post"}],"author":[{"embeddable":true,"href":"https:\/\/www.rivera.gub.uy\/medioambiente\/wp-json\/wp\/v2\/users\/1"}],"replies":[{"embeddable":true,"href":"https:\/\/www.rivera.gub.uy\/medioambiente\/wp-json\/wp\/v2\/comments?post=7976"}],"version-history":[{"count":1,"href":"https:\/\/www.rivera.gub.uy\/medioambiente\/wp-json\/wp\/v2\/posts\/7976\/revisions"}],"predecessor-version":[{"id":7978,"href":"https:\/\/www.rivera.gub.uy\/medioambiente\/wp-json\/wp\/v2\/posts\/7976\/revisions\/7978"}],"wp:featuredmedia":[{"embeddable":true,"href":"https:\/\/www.rivera.gub.uy\/medioambiente\/wp-json\/wp\/v2\/media\/7979"}],"wp:attachment":[{"href":"https:\/\/www.rivera.gub.uy\/medioambiente\/wp-json\/wp\/v2\/media?parent=7976"}],"wp:term":[{"taxonomy":"category","embeddable":true,"href":"https:\/\/www.rivera.gub.uy\/medioambiente\/wp-json\/wp\/v2\/categories?post=7976"},{"taxonomy":"post_tag","embeddable":true,"href":"https:\/\/www.rivera.gub.uy\/medioambiente\/wp-json\/wp\/v2\/tags?post=7976"}],"curies":[{"name":"wp","href":"https:\/\/api.w.org\/{rel}","templated":true}]}}