{"id":8438,"date":"2023-09-26T16:58:55","date_gmt":"2023-09-26T16:58:55","guid":{"rendered":"https:\/\/www.rivera.gub.uy\/medioambiente\/?p=8438"},"modified":"2023-09-26T16:58:55","modified_gmt":"2023-09-26T16:58:55","slug":"capacitacion-introduccion-a-conceptos-y-buenas-practicas-de-transporte-fraccionado-y-almacenamiento-del-queso","status":"publish","type":"post","link":"https:\/\/www.rivera.gub.uy\/medioambiente\/capacitacion-introduccion-a-conceptos-y-buenas-practicas-de-transporte-fraccionado-y-almacenamiento-del-queso\/","title":{"rendered":"Capacitaci\u00f3n: Introducci\u00f3n a conceptos y buenas pr\u00e1cticas de transporte, fraccionado y almacenamiento del queso"},"content":{"rendered":"<p>Dirigido a micro y medianas empresas que comercializan queso en Rivera. <!--more--><\/p>\n<p>Los talleres en modalidad virtual y presencial comienzan el 28 de setiembre.<\/p>\n<p>Inscripciones a trav\u00e9s de formulario en l\u00ednea: <a href=\"https:\/\/forms.office.com\/r\/qNrKyZ092S\" target=\"_blank\" rel=\"noopener\">https:\/\/forms.office.com\/r\/qNrKyZ092S<\/a><\/p>\n<p>&nbsp;<\/p>\n<p><a href=\"https:\/\/www.rivera.gub.uy\/medioambiente\/wp-content\/uploads\/2023\/09\/WhatsApp-Image-2023-09-26-at-8.40.24-AM.jpeg\"><img loading=\"lazy\" decoding=\"async\" class=\"aligncenter size-medium wp-image-8439\" src=\"https:\/\/www.rivera.gub.uy\/medioambiente\/wp-content\/uploads\/2023\/09\/WhatsApp-Image-2023-09-26-at-8.40.24-AM-300x300.jpeg\" alt=\"\" width=\"300\" height=\"300\" srcset=\"https:\/\/www.rivera.gub.uy\/medioambiente\/wp-content\/uploads\/2023\/09\/WhatsApp-Image-2023-09-26-at-8.40.24-AM-300x300.jpeg 300w, https:\/\/www.rivera.gub.uy\/medioambiente\/wp-content\/uploads\/2023\/09\/WhatsApp-Image-2023-09-26-at-8.40.24-AM-150x150.jpeg 150w, https:\/\/www.rivera.gub.uy\/medioambiente\/wp-content\/uploads\/2023\/09\/WhatsApp-Image-2023-09-26-at-8.40.24-AM-768x768.jpeg 768w, https:\/\/www.rivera.gub.uy\/medioambiente\/wp-content\/uploads\/2023\/09\/WhatsApp-Image-2023-09-26-at-8.40.24-AM.jpeg 800w\" sizes=\"(max-width: 300px) 100vw, 300px\" \/><\/a><\/p>\n<p>&nbsp;<\/p>\n","protected":false},"excerpt":{"rendered":"<p>Dirigido a micro y medianas empresas que comercializan queso en Rivera.<\/p>\n","protected":false},"author":1,"featured_media":8442,"comment_status":"open","ping_status":"open","sticky":false,"template":"","format":"standard","meta":{"footnotes":""},"categories":[1],"tags":[179,178,180,17],"_links":{"self":[{"href":"https:\/\/www.rivera.gub.uy\/medioambiente\/wp-json\/wp\/v2\/posts\/8438"}],"collection":[{"href":"https:\/\/www.rivera.gub.uy\/medioambiente\/wp-json\/wp\/v2\/posts"}],"about":[{"href":"https:\/\/www.rivera.gub.uy\/medioambiente\/wp-json\/wp\/v2\/types\/post"}],"author":[{"embeddable":true,"href":"https:\/\/www.rivera.gub.uy\/medioambiente\/wp-json\/wp\/v2\/users\/1"}],"replies":[{"embeddable":true,"href":"https:\/\/www.rivera.gub.uy\/medioambiente\/wp-json\/wp\/v2\/comments?post=8438"}],"version-history":[{"count":1,"href":"https:\/\/www.rivera.gub.uy\/medioambiente\/wp-json\/wp\/v2\/posts\/8438\/revisions"}],"predecessor-version":[{"id":8443,"href":"https:\/\/www.rivera.gub.uy\/medioambiente\/wp-json\/wp\/v2\/posts\/8438\/revisions\/8443"}],"wp:featuredmedia":[{"embeddable":true,"href":"https:\/\/www.rivera.gub.uy\/medioambiente\/wp-json\/wp\/v2\/media\/8442"}],"wp:attachment":[{"href":"https:\/\/www.rivera.gub.uy\/medioambiente\/wp-json\/wp\/v2\/media?parent=8438"}],"wp:term":[{"taxonomy":"category","embeddable":true,"href":"https:\/\/www.rivera.gub.uy\/medioambiente\/wp-json\/wp\/v2\/categories?post=8438"},{"taxonomy":"post_tag","embeddable":true,"href":"https:\/\/www.rivera.gub.uy\/medioambiente\/wp-json\/wp\/v2\/tags?post=8438"}],"curies":[{"name":"wp","href":"https:\/\/api.w.org\/{rel}","templated":true}]}}