{"id":8444,"date":"2023-09-26T17:14:54","date_gmt":"2023-09-26T17:14:54","guid":{"rendered":"https:\/\/www.rivera.gub.uy\/medioambiente\/?p=8444"},"modified":"2023-09-26T17:18:30","modified_gmt":"2023-09-26T17:18:30","slug":"convocatoria-economia-circular-y-ambiente","status":"publish","type":"post","link":"https:\/\/www.rivera.gub.uy\/medioambiente\/convocatoria-economia-circular-y-ambiente\/","title":{"rendered":"Convocatoria: Econom\u00eda Circular y Ambiente"},"content":{"rendered":"<p>UTEC convoca a participar en la Jornada Econom\u00eda Circular y Ambiente que se realizar\u00e1 el mi\u00e9rcoles 4 de octubre entre las 09:00 y las 18:00 horas en su sede, ubicada en la calle Guido Machado Brum 2390, en el marco de la Semana Binacional de la Innovaci\u00f3n \u00c1rea B Save the date.<\/p>\n<p><!--more--><\/p>\n<p>La Jornada de Econom\u00eda Circular y Ambiente se realiza con el fin de sensibilizar sobre la adopci\u00f3n de pr\u00e1cticas sostenibles en la industria de la transformaci\u00f3n mec\u00e1nica de la madera y fomentar el impulso a la econom\u00eda circular en la regi\u00f3n norte de Uruguay.<\/p>\n<p>Participar\u00e1n por Uruguay, la directora nacional de Industrias del Ministerio de Industria, Energ\u00eda y Miner\u00eda (MIEM), Susana Pecoy; la coordinadora del proyecto Econom\u00eda Circular: Innovaci\u00f3n y Desarrollo Sustentable de la Industria de la Transformaci\u00f3n Mec\u00e1nica de la Madera, Natalia Mamberto; y por la Universidad de la Rep\u00fablica, Mar\u00eda Noel Cabrera. Mientras que por Chile estar\u00e1n presentes el coordinador del Programa Transforma Econom\u00eda Circular de la Corporaci\u00f3n de Fomento de la Producci\u00f3n del Gobierno de Chile, Felipe Ahumada; el director ejecutivo de la Unidad de Desarrollo Tecnol\u00f3gico (UDT) de la Universidad de Concepci\u00f3n, Alex Berg; y la investigadora de la misma instituci\u00f3n, Cecilia Fuentealba.<\/p>\n<p>&nbsp;<\/p>\n<p><a href=\"https:\/\/www.rivera.gub.uy\/medioambiente\/wp-content\/uploads\/2023\/09\/save-the-date-12.09.23_-scaled.jpg\"><img loading=\"lazy\" decoding=\"async\" class=\"aligncenter size-medium wp-image-8446\" src=\"https:\/\/www.rivera.gub.uy\/medioambiente\/wp-content\/uploads\/2023\/09\/save-the-date-12.09.23_-300x300.jpg\" alt=\"\" width=\"300\" height=\"300\" srcset=\"https:\/\/www.rivera.gub.uy\/medioambiente\/wp-content\/uploads\/2023\/09\/save-the-date-12.09.23_-300x300.jpg 300w, https:\/\/www.rivera.gub.uy\/medioambiente\/wp-content\/uploads\/2023\/09\/save-the-date-12.09.23_-1024x1024.jpg 1024w, https:\/\/www.rivera.gub.uy\/medioambiente\/wp-content\/uploads\/2023\/09\/save-the-date-12.09.23_-150x150.jpg 150w, https:\/\/www.rivera.gub.uy\/medioambiente\/wp-content\/uploads\/2023\/09\/save-the-date-12.09.23_-768x768.jpg 768w, https:\/\/www.rivera.gub.uy\/medioambiente\/wp-content\/uploads\/2023\/09\/save-the-date-12.09.23_-1536x1536.jpg 1536w, https:\/\/www.rivera.gub.uy\/medioambiente\/wp-content\/uploads\/2023\/09\/save-the-date-12.09.23_-2048x2048.jpg 2048w, https:\/\/www.rivera.gub.uy\/medioambiente\/wp-content\/uploads\/2023\/09\/save-the-date-12.09.23_-820x820.jpg 820w\" sizes=\"(max-width: 300px) 100vw, 300px\" \/><\/a><\/p>\n<p>&nbsp;<\/p>\n<p>La jornada se realiza en el marco del proyecto Econom\u00eda Circular: Innovaci\u00f3n y Desarrollo Sustentable de la Industria de Transformaci\u00f3n Mec\u00e1nica de la Madera, iniciativa financiada por la Uni\u00f3n Europea, en el marco del acuerdo Facilidad de Desarrollo en Transici\u00f3n con la Agencia Uruguaya de Cooperaci\u00f3n Internacional (AUCI). El proyecto es ejecutado por el MIEM, a trav\u00e9s de la Direcci\u00f3n Nacional de Industrias (DNI) y la Direcci\u00f3n Nacional de Artesan\u00edas, Peque\u00f1as y Medianas Empresas (Dinapyme), con la participaci\u00f3n de la Intendencia Departamental de Rivera (IDR) y la Intendencia Departamental de Tacuaremb\u00f3 (IDT), socios estrat\u00e9gicos del proyecto.<\/p>\n<p>La actividad integra el programa de la Semana Binacional de la Innovaci\u00f3n, evento anual realizado por m\u00e1s de 40 actores en la frontera entre Rivera y Sant\u2019Ana do Livramento, quienes integran el Ecosistema Binacional de Innovaci\u00f3n \u00c1REA B. La Semana Binacional de la Innovaci\u00f3n es un espacio de encuentro y colaboraci\u00f3n entre instituciones, empresas y emprendedores que trabajan en la promoci\u00f3n de la cultura de innovaci\u00f3n y el desarrollo sostenible en la regi\u00f3n fronteriza.<\/p>\n<p>Los interesados en asistir a la actividad pueden registrarse en <a href=\"https:\/\/www.even3.com.br\/sbi2023\/\" target=\"_blank\" rel=\"noopener\">www.even3.com.br\/sbi2023<\/a><\/p>\n<p>&nbsp;<\/p>\n<p><a href=\"https:\/\/www.rivera.gub.uy\/medioambiente\/wp-content\/uploads\/2023\/09\/Programa-Economia-Circular-y-Ambiente-scaled.jpg\"><img loading=\"lazy\" decoding=\"async\" class=\"aligncenter size-medium wp-image-8445\" src=\"https:\/\/www.rivera.gub.uy\/medioambiente\/wp-content\/uploads\/2023\/09\/Programa-Economia-Circular-y-Ambiente-116x300.jpg\" alt=\"\" width=\"116\" height=\"300\" srcset=\"https:\/\/www.rivera.gub.uy\/medioambiente\/wp-content\/uploads\/2023\/09\/Programa-Economia-Circular-y-Ambiente-116x300.jpg 116w, https:\/\/www.rivera.gub.uy\/medioambiente\/wp-content\/uploads\/2023\/09\/Programa-Economia-Circular-y-Ambiente-395x1024.jpg 395w, https:\/\/www.rivera.gub.uy\/medioambiente\/wp-content\/uploads\/2023\/09\/Programa-Economia-Circular-y-Ambiente-768x1989.jpg 768w, https:\/\/www.rivera.gub.uy\/medioambiente\/wp-content\/uploads\/2023\/09\/Programa-Economia-Circular-y-Ambiente-593x1536.jpg 593w, https:\/\/www.rivera.gub.uy\/medioambiente\/wp-content\/uploads\/2023\/09\/Programa-Economia-Circular-y-Ambiente-791x2048.jpg 791w, https:\/\/www.rivera.gub.uy\/medioambiente\/wp-content\/uploads\/2023\/09\/Programa-Economia-Circular-y-Ambiente-820x2124.jpg 820w, https:\/\/www.rivera.gub.uy\/medioambiente\/wp-content\/uploads\/2023\/09\/Programa-Economia-Circular-y-Ambiente-scaled.jpg 988w\" sizes=\"(max-width: 116px) 100vw, 116px\" \/><\/a><\/p>\n<p>&nbsp;<\/p>\n","protected":false},"excerpt":{"rendered":"<p>UTEC convoca a participar en la Jornada Econom\u00eda Circular y Ambiente que se realizar\u00e1 el mi\u00e9rcoles 4 de octubre entre las 09:00 y las 18:00 horas en su sede, ubicada en la calle Guido Machado Brum 2390, en el marco de la Semana Binacional de la Innovaci\u00f3n \u00c1rea B Save the date.<\/p>\n","protected":false},"author":1,"featured_media":8449,"comment_status":"open","ping_status":"open","sticky":false,"template":"","format":"standard","meta":{"footnotes":""},"categories":[1],"tags":[181],"_links":{"self":[{"href":"https:\/\/www.rivera.gub.uy\/medioambiente\/wp-json\/wp\/v2\/posts\/8444"}],"collection":[{"href":"https:\/\/www.rivera.gub.uy\/medioambiente\/wp-json\/wp\/v2\/posts"}],"about":[{"href":"https:\/\/www.rivera.gub.uy\/medioambiente\/wp-json\/wp\/v2\/types\/post"}],"author":[{"embeddable":true,"href":"https:\/\/www.rivera.gub.uy\/medioambiente\/wp-json\/wp\/v2\/users\/1"}],"replies":[{"embeddable":true,"href":"https:\/\/www.rivera.gub.uy\/medioambiente\/wp-json\/wp\/v2\/comments?post=8444"}],"version-history":[{"count":1,"href":"https:\/\/www.rivera.gub.uy\/medioambiente\/wp-json\/wp\/v2\/posts\/8444\/revisions"}],"predecessor-version":[{"id":8448,"href":"https:\/\/www.rivera.gub.uy\/medioambiente\/wp-json\/wp\/v2\/posts\/8444\/revisions\/8448"}],"wp:featuredmedia":[{"embeddable":true,"href":"https:\/\/www.rivera.gub.uy\/medioambiente\/wp-json\/wp\/v2\/media\/8449"}],"wp:attachment":[{"href":"https:\/\/www.rivera.gub.uy\/medioambiente\/wp-json\/wp\/v2\/media?parent=8444"}],"wp:term":[{"taxonomy":"category","embeddable":true,"href":"https:\/\/www.rivera.gub.uy\/medioambiente\/wp-json\/wp\/v2\/categories?post=8444"},{"taxonomy":"post_tag","embeddable":true,"href":"https:\/\/www.rivera.gub.uy\/medioambiente\/wp-json\/wp\/v2\/tags?post=8444"}],"curies":[{"name":"wp","href":"https:\/\/api.w.org\/{rel}","templated":true}]}}