{"id":8501,"date":"2023-10-04T13:56:31","date_gmt":"2023-10-04T13:56:31","guid":{"rendered":"https:\/\/www.rivera.gub.uy\/medioambiente\/?p=8501"},"modified":"2023-10-04T13:56:31","modified_gmt":"2023-10-04T13:56:31","slug":"orientacion-laboral","status":"publish","type":"post","link":"https:\/\/www.rivera.gub.uy\/medioambiente\/orientacion-laboral\/","title":{"rendered":"Orientaci\u00f3n Laboral"},"content":{"rendered":"<p>En el marco de las tareas realizadas por el Centro P\u00fablico de Empleo (CePE), para el fortalecimiento de relaciones interinstitucionales, el d\u00eda martes 19 de septiembre en la Sala de Capacitaciones de la Intendencia de Rivera se llev\u00f3 a cabo el primero de tres talleres del ciclo de Orientaci\u00f3n Laboral.<!--more--><\/p>\n<p>El mismo es dictado por la Referente Regional Norte de INEFOP Gabriela Acosta. Este ciclo est\u00e1 compuesto por tres m\u00f3dulos: Armado de Curr\u00edculum Vitae, Entrevista Laboral e Inserci\u00f3n Laboral. Cada etapa de capacitaci\u00f3n pretende brindar herramienta e informaci\u00f3n a la poblaci\u00f3n sobre como acceder a un empleo.<\/p>\n<p>En esta oportunidad los talleres son orientados a integrantes de cursos dictados en Centros Barriales, curso de carpinter\u00eda avanzada de la oficina de Inclusi\u00f3n Social y jornales solidarios de la Direcci\u00f3n General de Desarrollo y Medio Ambiente.<\/p>\n<p>En el mes de octubre se realizar\u00e1n las dos instancias restantes con el grupo mencionado y se eval\u00faa la r\u00e9plica del mismo a fin de a\u00f1o abierto a la comunidad.<\/p>\n","protected":false},"excerpt":{"rendered":"<p>En el marco de las tareas realizadas por el Centro P\u00fablico de Empleo (CePE), para el fortalecimiento de relaciones interinstitucionales, el d\u00eda martes 19 de septiembre en la Sala de Capacitaciones de la Intendencia de Rivera se llev\u00f3 a cabo el primero de tres talleres del ciclo de Orientaci\u00f3n Laboral.<\/p>\n","protected":false},"author":1,"featured_media":8502,"comment_status":"open","ping_status":"open","sticky":false,"template":"","format":"standard","meta":{"footnotes":""},"categories":[1],"tags":[],"_links":{"self":[{"href":"https:\/\/www.rivera.gub.uy\/medioambiente\/wp-json\/wp\/v2\/posts\/8501"}],"collection":[{"href":"https:\/\/www.rivera.gub.uy\/medioambiente\/wp-json\/wp\/v2\/posts"}],"about":[{"href":"https:\/\/www.rivera.gub.uy\/medioambiente\/wp-json\/wp\/v2\/types\/post"}],"author":[{"embeddable":true,"href":"https:\/\/www.rivera.gub.uy\/medioambiente\/wp-json\/wp\/v2\/users\/1"}],"replies":[{"embeddable":true,"href":"https:\/\/www.rivera.gub.uy\/medioambiente\/wp-json\/wp\/v2\/comments?post=8501"}],"version-history":[{"count":1,"href":"https:\/\/www.rivera.gub.uy\/medioambiente\/wp-json\/wp\/v2\/posts\/8501\/revisions"}],"predecessor-version":[{"id":8503,"href":"https:\/\/www.rivera.gub.uy\/medioambiente\/wp-json\/wp\/v2\/posts\/8501\/revisions\/8503"}],"wp:featuredmedia":[{"embeddable":true,"href":"https:\/\/www.rivera.gub.uy\/medioambiente\/wp-json\/wp\/v2\/media\/8502"}],"wp:attachment":[{"href":"https:\/\/www.rivera.gub.uy\/medioambiente\/wp-json\/wp\/v2\/media?parent=8501"}],"wp:term":[{"taxonomy":"category","embeddable":true,"href":"https:\/\/www.rivera.gub.uy\/medioambiente\/wp-json\/wp\/v2\/categories?post=8501"},{"taxonomy":"post_tag","embeddable":true,"href":"https:\/\/www.rivera.gub.uy\/medioambiente\/wp-json\/wp\/v2\/tags?post=8501"}],"curies":[{"name":"wp","href":"https:\/\/api.w.org\/{rel}","templated":true}]}}