{"id":8508,"date":"2023-10-05T13:51:09","date_gmt":"2023-10-05T13:51:09","guid":{"rendered":"https:\/\/www.rivera.gub.uy\/medioambiente\/?p=8508"},"modified":"2023-10-05T13:53:57","modified_gmt":"2023-10-05T13:53:57","slug":"plan-departamental-de-capacitaciones-ti-inscripcion-curso-gratuito-ciberseguridad-2023","status":"publish","type":"post","link":"https:\/\/www.rivera.gub.uy\/medioambiente\/plan-departamental-de-capacitaciones-ti-inscripcion-curso-gratuito-ciberseguridad-2023\/","title":{"rendered":"Plan Departamental de Capacitaciones TI &#8211; Inscripci\u00f3n Curso Gratuito Ciberseguridad 2023"},"content":{"rendered":"<p>Desde la Divisi\u00f3n Estrategias y Articulaci\u00f3n Regional, perteneciente a la Direcci\u00f3n General de Desarrollo y Medio Ambiente , en el marco del Proyecto Plan de Capacitaci\u00f3n en TI (FDI) realiza la siguiente convocatoria:<!--more--><\/p>\n<p>Curso de formaci\u00f3n GRATUITO<br \/>\nInscripciones abiertas<\/p>\n<p>Desde la Divisi\u00f3n Estrategias y Articulaciones Regionales, dependiente de la Direcci\u00f3n General de Desarrollo y Medio Ambiente de la Intendencia Departamental de Rivera invita a todos los interesados para el Curso de Ciberseguridad impartido por INEFOP y certificado por IBM.<\/p>\n<p>Invitamos a todos los inscriptos para el 18 de octubre, a las 10:00 horas, a una reuni\u00f3n en el Sal\u00f3n de actos de la Intendencia Departamental de Rivera con el prop\u00f3sito de formar los grupos de estudio e informaci\u00f3n general del curso.<\/p>\n<ul>\n<li>Cantidad de horas: 150<\/li>\n<li>Cupos: 50<\/li>\n<li>100% virtual<\/li>\n<\/ul>\n<p>El curso surge a demanda de las empresas en este rubro, las cuales han compartido su inter\u00e9s en esta capacitaci\u00f3n con el equipo coordinador del Proyecto Plan de Capacitaciones en TI (FDI e Intendencia de Rivera).<\/p>\n<p>Perfil del interesado: conocimientos en Tecnolog\u00eda.<\/p>\n<p>Completar formulario en el siguiente link: <a href=\"https:\/\/forms.gle\/9qN9cfr6hkj5LXWP9\">https:\/\/forms.gle\/9qN9cfr6hkj5LXWP9<\/a><\/p>\n<p>Contacto: Divisi\u00f3n Estrategias \u2013 Intendencia Departamental de Rivera.<\/p>\n<p>Whatsapp:<br \/>\n<a href=\"tel:+59899359591\">+598 99 359591<\/a> \u2013 Jos\u00e9 Sampayo<br \/>\n<a href=\"tel:+59899576666\">+598 99 576666<\/a> \u2013 Enrique Puentes<\/p>\n<p>&nbsp;<\/p>\n<p><a href=\"https:\/\/www.rivera.gub.uy\/medioambiente\/wp-content\/uploads\/2023\/10\/WhatsApp-Image-2023-10-05-at-10.35.30-AM.jpeg\"><img loading=\"lazy\" decoding=\"async\" class=\"aligncenter size-medium wp-image-8510\" src=\"https:\/\/www.rivera.gub.uy\/medioambiente\/wp-content\/uploads\/2023\/10\/WhatsApp-Image-2023-10-05-at-10.35.30-AM-300x300.jpeg\" alt=\"\" width=\"300\" height=\"300\" srcset=\"https:\/\/www.rivera.gub.uy\/medioambiente\/wp-content\/uploads\/2023\/10\/WhatsApp-Image-2023-10-05-at-10.35.30-AM-300x300.jpeg 300w, https:\/\/www.rivera.gub.uy\/medioambiente\/wp-content\/uploads\/2023\/10\/WhatsApp-Image-2023-10-05-at-10.35.30-AM-1024x1024.jpeg 1024w, https:\/\/www.rivera.gub.uy\/medioambiente\/wp-content\/uploads\/2023\/10\/WhatsApp-Image-2023-10-05-at-10.35.30-AM-150x150.jpeg 150w, https:\/\/www.rivera.gub.uy\/medioambiente\/wp-content\/uploads\/2023\/10\/WhatsApp-Image-2023-10-05-at-10.35.30-AM-768x768.jpeg 768w, https:\/\/www.rivera.gub.uy\/medioambiente\/wp-content\/uploads\/2023\/10\/WhatsApp-Image-2023-10-05-at-10.35.30-AM-1536x1536.jpeg 1536w, https:\/\/www.rivera.gub.uy\/medioambiente\/wp-content\/uploads\/2023\/10\/WhatsApp-Image-2023-10-05-at-10.35.30-AM-820x819.jpeg 820w, https:\/\/www.rivera.gub.uy\/medioambiente\/wp-content\/uploads\/2023\/10\/WhatsApp-Image-2023-10-05-at-10.35.30-AM.jpeg 1600w\" sizes=\"(max-width: 300px) 100vw, 300px\" \/><\/a><\/p>\n<p>&nbsp;<\/p>\n<p>&nbsp;<\/p>\n","protected":false},"excerpt":{"rendered":"<p>Desde la Divisi\u00f3n Estrategias y Articulaci\u00f3n Regional, perteneciente a la Direcci\u00f3n General de Desarrollo y Medio Ambiente , en el marco del Proyecto Plan de Capacitaci\u00f3n en TI (FDI) realiza la siguiente convocatoria:<\/p>\n","protected":false},"author":1,"featured_media":8513,"comment_status":"open","ping_status":"open","sticky":false,"template":"","format":"standard","meta":{"footnotes":""},"categories":[1],"tags":[],"_links":{"self":[{"href":"https:\/\/www.rivera.gub.uy\/medioambiente\/wp-json\/wp\/v2\/posts\/8508"}],"collection":[{"href":"https:\/\/www.rivera.gub.uy\/medioambiente\/wp-json\/wp\/v2\/posts"}],"about":[{"href":"https:\/\/www.rivera.gub.uy\/medioambiente\/wp-json\/wp\/v2\/types\/post"}],"author":[{"embeddable":true,"href":"https:\/\/www.rivera.gub.uy\/medioambiente\/wp-json\/wp\/v2\/users\/1"}],"replies":[{"embeddable":true,"href":"https:\/\/www.rivera.gub.uy\/medioambiente\/wp-json\/wp\/v2\/comments?post=8508"}],"version-history":[{"count":2,"href":"https:\/\/www.rivera.gub.uy\/medioambiente\/wp-json\/wp\/v2\/posts\/8508\/revisions"}],"predecessor-version":[{"id":8512,"href":"https:\/\/www.rivera.gub.uy\/medioambiente\/wp-json\/wp\/v2\/posts\/8508\/revisions\/8512"}],"wp:featuredmedia":[{"embeddable":true,"href":"https:\/\/www.rivera.gub.uy\/medioambiente\/wp-json\/wp\/v2\/media\/8513"}],"wp:attachment":[{"href":"https:\/\/www.rivera.gub.uy\/medioambiente\/wp-json\/wp\/v2\/media?parent=8508"}],"wp:term":[{"taxonomy":"category","embeddable":true,"href":"https:\/\/www.rivera.gub.uy\/medioambiente\/wp-json\/wp\/v2\/categories?post=8508"},{"taxonomy":"post_tag","embeddable":true,"href":"https:\/\/www.rivera.gub.uy\/medioambiente\/wp-json\/wp\/v2\/tags?post=8508"}],"curies":[{"name":"wp","href":"https:\/\/api.w.org\/{rel}","templated":true}]}}