{"id":8548,"date":"2023-10-10T15:24:36","date_gmt":"2023-10-10T15:24:36","guid":{"rendered":"https:\/\/www.rivera.gub.uy\/medioambiente\/?p=8548"},"modified":"2023-10-10T15:25:19","modified_gmt":"2023-10-10T15:25:19","slug":"programa-yo-estudio-y-trabajo-en-rivera-supera-expectativas-en-rivera","status":"publish","type":"post","link":"https:\/\/www.rivera.gub.uy\/medioambiente\/programa-yo-estudio-y-trabajo-en-rivera-supera-expectativas-en-rivera\/","title":{"rendered":"Programa Yo Estudio y Trabajo en Rivera, supera expectativas en Rivera"},"content":{"rendered":"<p>El programa <strong>Yo Estudio y Trabajo<\/strong> tiene por objetivo fortalecer el v\u00ednculo entre educaci\u00f3n y trabajo ofreciendo a j\u00f3venes estudiantes una primera experiencia laboral formal en empresas p\u00fablicas y privadas. En la edici\u00f3n de este a\u00f1o 10 j\u00f3venes riverenses podr\u00e1n tener su primera experiencia laboral formal por un periodo mayor a 9 meses.<!--more--><\/p>\n<p>En un gesto de generosidad y visi\u00f3n de futuro, las empresas locales han contratado al doble de candidatos que en ediciones anteriores, marcando un hito en el compromiso con el desarrollo de la juventud. Su contribuci\u00f3n no solo ha beneficiado a los j\u00f3venes, sino que tambi\u00e9n ha fortalecido nuestra comunidad en su conjunto.<\/p>\n<p>No debemos olvidar que el desempleo juvenil en nuestro departamento supera el 25%, o sea que uno de cada cuatro j\u00f3venes busca empleo y no lo encuentra.<\/p>\n<p>En nombre de todos los beneficiarios del programa Yo Estudio y Trabajo de Rivera, el Centro P\u00fablico de Empleo (CEPE) agradecemos a estas empresas por creer en el potencial de nuestra juventud.<\/p>\n","protected":false},"excerpt":{"rendered":"<p>El programa Yo Estudio y Trabajo tiene por objetivo fortalecer el v\u00ednculo entre educaci\u00f3n y trabajo ofreciendo a j\u00f3venes estudiantes una primera experiencia laboral formal en empresas p\u00fablicas y privadas. En la edici\u00f3n de este a\u00f1o 10 j\u00f3venes riverenses podr\u00e1n tener su primera experiencia laboral formal por un periodo mayor a 9 meses.<\/p>\n","protected":false},"author":1,"featured_media":8549,"comment_status":"open","ping_status":"open","sticky":false,"template":"","format":"standard","meta":{"footnotes":""},"categories":[1],"tags":[116,17,182],"_links":{"self":[{"href":"https:\/\/www.rivera.gub.uy\/medioambiente\/wp-json\/wp\/v2\/posts\/8548"}],"collection":[{"href":"https:\/\/www.rivera.gub.uy\/medioambiente\/wp-json\/wp\/v2\/posts"}],"about":[{"href":"https:\/\/www.rivera.gub.uy\/medioambiente\/wp-json\/wp\/v2\/types\/post"}],"author":[{"embeddable":true,"href":"https:\/\/www.rivera.gub.uy\/medioambiente\/wp-json\/wp\/v2\/users\/1"}],"replies":[{"embeddable":true,"href":"https:\/\/www.rivera.gub.uy\/medioambiente\/wp-json\/wp\/v2\/comments?post=8548"}],"version-history":[{"count":1,"href":"https:\/\/www.rivera.gub.uy\/medioambiente\/wp-json\/wp\/v2\/posts\/8548\/revisions"}],"predecessor-version":[{"id":8550,"href":"https:\/\/www.rivera.gub.uy\/medioambiente\/wp-json\/wp\/v2\/posts\/8548\/revisions\/8550"}],"wp:featuredmedia":[{"embeddable":true,"href":"https:\/\/www.rivera.gub.uy\/medioambiente\/wp-json\/wp\/v2\/media\/8549"}],"wp:attachment":[{"href":"https:\/\/www.rivera.gub.uy\/medioambiente\/wp-json\/wp\/v2\/media?parent=8548"}],"wp:term":[{"taxonomy":"category","embeddable":true,"href":"https:\/\/www.rivera.gub.uy\/medioambiente\/wp-json\/wp\/v2\/categories?post=8548"},{"taxonomy":"post_tag","embeddable":true,"href":"https:\/\/www.rivera.gub.uy\/medioambiente\/wp-json\/wp\/v2\/tags?post=8548"}],"curies":[{"name":"wp","href":"https:\/\/api.w.org\/{rel}","templated":true}]}}