{"id":902,"date":"2017-08-22T13:28:56","date_gmt":"2017-08-22T13:28:56","guid":{"rendered":"http:\/\/www.rivera.gub.uy\/medioambiente\/?p=902"},"modified":"2017-08-28T17:22:03","modified_gmt":"2017-08-28T17:22:03","slug":"desarrollo-de-negocios-inclusivos-en-rivera","status":"publish","type":"post","link":"https:\/\/www.rivera.gub.uy\/medioambiente\/desarrollo-de-negocios-inclusivos-en-rivera\/","title":{"rendered":"Desarrollo de negocios inclusivos en Rivera"},"content":{"rendered":"<p>La Direcci\u00f3n General de Desarrollo y Medio Ambiente (IDR) a trav\u00e9s de la Unidad de Desarrollo y la Divisi\u00f3n de Estrategias y Articulaciones Regionales, conjuntamente con Fundasol est\u00e1n ejecutando el Proyecto Negocios Inclusivos con fondos de ANDES e IDR.<!--more--><\/p>\n<p>El proyecto contribuye al desarrollo empresarial y social de tres grupos de microemprendedores de Rivera: Carboneros, Ladrilleros y Modistas.<\/p>\n<p>Para ello se est\u00e1 utilizando la herramienta de Negocios Inclusivos: acuerdos entre empresas de gran tama\u00f1o y peque\u00f1os productores, con el fin de generar negocios que beneficien a ambas partes.<\/p>\n<p>Se est\u00e1 trabajando con todos los grupos con una metodolog\u00eda, N\u00facleos Empresariales, que potencia sus capacidades de autogesti\u00f3n donde es necesario: a) Desarrollar y fortalecer la gesti\u00f3n y competencias en las peque\u00f1as unidades productivas, b) Generar modelos de vinculaci\u00f3n estrat\u00e9gica entre las peque\u00f1as unidades productivas y el sector empresarial de mayor tama\u00f1o, que aporten beneficios para ambas partes y c) Promover, en las peque\u00f1as unidades productivas, el valor estrat\u00e9gico del trabajo colaborativo como instrumento para mejorar su oferta de valor y como mecanismo de acceso a nuevos mercados.<\/p>\n<p>&nbsp;<\/p>\n<p>&nbsp;<\/p>\n","protected":false},"excerpt":{"rendered":"<p>La Direcci\u00f3n General de Desarrollo y Medio Ambiente (IDR) a trav\u00e9s de la Unidad de Desarrollo y la Divisi\u00f3n de Estrategias y Articulaciones Regionales, conjuntamente con Fundasol est\u00e1n ejecutando el Proyecto Negocios Inclusivos con fondos de ANDES e IDR.<\/p>\n","protected":false},"author":5,"featured_media":903,"comment_status":"open","ping_status":"open","sticky":false,"template":"","format":"standard","meta":{"footnotes":""},"categories":[1],"tags":[20,23,16,21,22,17],"_links":{"self":[{"href":"https:\/\/www.rivera.gub.uy\/medioambiente\/wp-json\/wp\/v2\/posts\/902"}],"collection":[{"href":"https:\/\/www.rivera.gub.uy\/medioambiente\/wp-json\/wp\/v2\/posts"}],"about":[{"href":"https:\/\/www.rivera.gub.uy\/medioambiente\/wp-json\/wp\/v2\/types\/post"}],"author":[{"embeddable":true,"href":"https:\/\/www.rivera.gub.uy\/medioambiente\/wp-json\/wp\/v2\/users\/5"}],"replies":[{"embeddable":true,"href":"https:\/\/www.rivera.gub.uy\/medioambiente\/wp-json\/wp\/v2\/comments?post=902"}],"version-history":[{"count":3,"href":"https:\/\/www.rivera.gub.uy\/medioambiente\/wp-json\/wp\/v2\/posts\/902\/revisions"}],"predecessor-version":[{"id":913,"href":"https:\/\/www.rivera.gub.uy\/medioambiente\/wp-json\/wp\/v2\/posts\/902\/revisions\/913"}],"wp:featuredmedia":[{"embeddable":true,"href":"https:\/\/www.rivera.gub.uy\/medioambiente\/wp-json\/wp\/v2\/media\/903"}],"wp:attachment":[{"href":"https:\/\/www.rivera.gub.uy\/medioambiente\/wp-json\/wp\/v2\/media?parent=902"}],"wp:term":[{"taxonomy":"category","embeddable":true,"href":"https:\/\/www.rivera.gub.uy\/medioambiente\/wp-json\/wp\/v2\/categories?post=902"},{"taxonomy":"post_tag","embeddable":true,"href":"https:\/\/www.rivera.gub.uy\/medioambiente\/wp-json\/wp\/v2\/tags?post=902"}],"curies":[{"name":"wp","href":"https:\/\/api.w.org\/{rel}","templated":true}]}}