{"id":908,"date":"2017-08-22T13:33:28","date_gmt":"2017-08-22T13:33:28","guid":{"rendered":"http:\/\/www.rivera.gub.uy\/medioambiente\/?p=908"},"modified":"2017-09-05T16:16:16","modified_gmt":"2017-09-05T16:16:16","slug":"interaccion-con-utec","status":"publish","type":"post","link":"https:\/\/www.rivera.gub.uy\/medioambiente\/interaccion-con-utec\/","title":{"rendered":"Interacci\u00f3n con UTEC"},"content":{"rendered":"<p>La Direcci\u00f3n General de Desarrollo y Medio Ambiente (IDR) a trav\u00e9s de la Unidad de Desarrollo y la Divisi\u00f3n de Estrategias y Articulaciones Regionales, viene trabajando en conjunto con docentes de la UTEC, en la propuesta de desarrollo de un \u00abPolo Tecnol\u00f3gico Binacional\u00bb, as\u00ed como la posibilidad de formar una Incubadora para Empresas.\u00a0 Dentro de las actividades que se realizan semanalmente est\u00e1n: la articulaci\u00f3n de estas propuestas con las distintas instituciones de Rivera y Livramento, coordinaci\u00f3n de visitas a empresas de equipo docente y preparar los proyectos para postularlos en las posibles Instituciones que financien estas iniciativas, entre otras actividades.<\/p>\n","protected":false},"excerpt":{"rendered":"<p>La Direcci\u00f3n General de Desarrollo y Medio Ambiente (IDR) a trav\u00e9s de la Unidad de Desarrollo y la Divisi\u00f3n de Estrategias y Articulaciones Regionales, viene trabajando en conjunto con docentes de la UTEC, en la propuesta de desarrollo de un \u00abPolo Tecnol\u00f3gico Binacional\u00bb, as\u00ed como la posibilidad de formar una Incubadora para Empresas.\u00a0 Dentro de [&hellip;]<\/p>\n","protected":false},"author":5,"featured_media":917,"comment_status":"open","ping_status":"open","sticky":false,"template":"","format":"standard","meta":{"footnotes":""},"categories":[1],"tags":[20,16,21,17,25],"_links":{"self":[{"href":"https:\/\/www.rivera.gub.uy\/medioambiente\/wp-json\/wp\/v2\/posts\/908"}],"collection":[{"href":"https:\/\/www.rivera.gub.uy\/medioambiente\/wp-json\/wp\/v2\/posts"}],"about":[{"href":"https:\/\/www.rivera.gub.uy\/medioambiente\/wp-json\/wp\/v2\/types\/post"}],"author":[{"embeddable":true,"href":"https:\/\/www.rivera.gub.uy\/medioambiente\/wp-json\/wp\/v2\/users\/5"}],"replies":[{"embeddable":true,"href":"https:\/\/www.rivera.gub.uy\/medioambiente\/wp-json\/wp\/v2\/comments?post=908"}],"version-history":[{"count":3,"href":"https:\/\/www.rivera.gub.uy\/medioambiente\/wp-json\/wp\/v2\/posts\/908\/revisions"}],"predecessor-version":[{"id":918,"href":"https:\/\/www.rivera.gub.uy\/medioambiente\/wp-json\/wp\/v2\/posts\/908\/revisions\/918"}],"wp:featuredmedia":[{"embeddable":true,"href":"https:\/\/www.rivera.gub.uy\/medioambiente\/wp-json\/wp\/v2\/media\/917"}],"wp:attachment":[{"href":"https:\/\/www.rivera.gub.uy\/medioambiente\/wp-json\/wp\/v2\/media?parent=908"}],"wp:term":[{"taxonomy":"category","embeddable":true,"href":"https:\/\/www.rivera.gub.uy\/medioambiente\/wp-json\/wp\/v2\/categories?post=908"},{"taxonomy":"post_tag","embeddable":true,"href":"https:\/\/www.rivera.gub.uy\/medioambiente\/wp-json\/wp\/v2\/tags?post=908"}],"curies":[{"name":"wp","href":"https:\/\/api.w.org\/{rel}","templated":true}]}}