{"id":928,"date":"2017-09-07T14:54:55","date_gmt":"2017-09-07T14:54:55","guid":{"rendered":"http:\/\/www.rivera.gub.uy\/medioambiente\/?p=928"},"modified":"2017-09-07T14:54:55","modified_gmt":"2017-09-07T14:54:55","slug":"gestion-empresarial-para-pequenos-comercios","status":"publish","type":"post","link":"https:\/\/www.rivera.gub.uy\/medioambiente\/gestion-empresarial-para-pequenos-comercios\/","title":{"rendered":"Gesti\u00f3n empresarial para peque\u00f1os comercios"},"content":{"rendered":"<p>Horario: lunes, martes y jueves de 19 a 22<br \/>\nInicio: lunes 18 de setiembre<\/p>\n<p>Perfil de los participantes<br \/>\nEmprendedores, directores, administradores, gerentes, jefes de \u00e1rea y supervisores de<br \/>\nempresas.<\/p>\n<p>Las inscripciones se realizar\u00e1n a trav\u00e9s de la WEB de INEFOP<br \/>\nPor consultas igermone@inefop.org.uy<\/p>\n<p><a href=\"http:\/\/www.rivera.gub.uy\/medioambiente\/wp-content\/uploads\/2017\/09\/Gesti\u00f3n-empresarial-para-peque\u00f1os-comercios-1.pdf\" target=\"_blank\" rel=\"noopener\">Descargar m\u00e1s informaci\u00f3n<\/a><\/p>\n","protected":false},"excerpt":{"rendered":"<p>Horario: lunes, martes y jueves de 19 a 22 Inicio: lunes 18 de setiembre Perfil de los participantes Emprendedores, directores, administradores, gerentes, jefes de \u00e1rea y supervisores de empresas. Las inscripciones se realizar\u00e1n a trav\u00e9s de la WEB de INEFOP Por consultas igermone@inefop.org.uy Descargar m\u00e1s informaci\u00f3n<\/p>\n","protected":false},"author":4,"featured_media":931,"comment_status":"open","ping_status":"open","sticky":false,"template":"","format":"standard","meta":{"footnotes":""},"categories":[1],"tags":[28],"_links":{"self":[{"href":"https:\/\/www.rivera.gub.uy\/medioambiente\/wp-json\/wp\/v2\/posts\/928"}],"collection":[{"href":"https:\/\/www.rivera.gub.uy\/medioambiente\/wp-json\/wp\/v2\/posts"}],"about":[{"href":"https:\/\/www.rivera.gub.uy\/medioambiente\/wp-json\/wp\/v2\/types\/post"}],"author":[{"embeddable":true,"href":"https:\/\/www.rivera.gub.uy\/medioambiente\/wp-json\/wp\/v2\/users\/4"}],"replies":[{"embeddable":true,"href":"https:\/\/www.rivera.gub.uy\/medioambiente\/wp-json\/wp\/v2\/comments?post=928"}],"version-history":[{"count":2,"href":"https:\/\/www.rivera.gub.uy\/medioambiente\/wp-json\/wp\/v2\/posts\/928\/revisions"}],"predecessor-version":[{"id":932,"href":"https:\/\/www.rivera.gub.uy\/medioambiente\/wp-json\/wp\/v2\/posts\/928\/revisions\/932"}],"wp:featuredmedia":[{"embeddable":true,"href":"https:\/\/www.rivera.gub.uy\/medioambiente\/wp-json\/wp\/v2\/media\/931"}],"wp:attachment":[{"href":"https:\/\/www.rivera.gub.uy\/medioambiente\/wp-json\/wp\/v2\/media?parent=928"}],"wp:term":[{"taxonomy":"category","embeddable":true,"href":"https:\/\/www.rivera.gub.uy\/medioambiente\/wp-json\/wp\/v2\/categories?post=928"},{"taxonomy":"post_tag","embeddable":true,"href":"https:\/\/www.rivera.gub.uy\/medioambiente\/wp-json\/wp\/v2\/tags?post=928"}],"curies":[{"name":"wp","href":"https:\/\/api.w.org\/{rel}","templated":true}]}}